{"id":11933,"date":"2021-07-05T12:52:51","date_gmt":"2021-07-05T12:52:51","guid":{"rendered":"https:\/\/face.unt.edu.ar\/web\/?p=11933"},"modified":"2021-07-05T14:56:02","modified_gmt":"2021-07-05T14:56:02","slug":"el-dr-guillermo-jaim-etcheverry-brindara-una-charla-magistral-virtual","status":"publish","type":"post","link":"https:\/\/face.unt.edu.ar\/web\/blog\/el-dr-guillermo-jaim-etcheverry-brindara-una-charla-magistral-virtual\/","title":{"rendered":"El Dr. Guillermo Jaim Etcheverry brindar\u00e1 una Charla Magistral Virtual"},"content":{"rendered":"<p>El Dr.\u00a0<strong>Guillermo Jaim Etcheverry<\/strong>\u00a0brindar\u00e1 la\u00a0<strong>Charla Magistral Virtual \u00abEducaci\u00f3n. La tragedia contin\u00faa.\u00bb<\/strong> para nuestra comunidad universitaria y la sociedad en general.<\/p>\n<p>Ser\u00e1 este\u00a0<strong>mi\u00e9rcoles 07 de Julio, a las 19:00 horas<\/strong>, con\u00a0<strong>transmisi\u00f3n en vivo<\/strong>, a trav\u00e9s del\u00a0<strong>Canal de YouTube<\/strong>\u00a0de nuestra Facultad\u00a0<strong>FACE UNT<\/strong>.<\/p>\n<p>El t\u00edtulo de la chara es el mismo al de su \u00faltimo libro donde contin\u00faa con el an\u00e1lisis del sistema educativo del pa\u00eds, teniendo en cuenta el impacto de la revoluci\u00f3n digital. En esta nueva obra, el autor actualiza estad\u00edsticas sobre cuestiones esenciales de la educaci\u00f3n en nuestro pa\u00eds y analiza su relaci\u00f3n con el mundo, enuncia estrategias para encarar cambios indispensables y sugiere una misi\u00f3n posible para la escuela de hoy.<\/p>\n<p><img decoding=\"async\" loading=\"lazy\" class=\" wp-image-11938 aligncenter\" src=\"https:\/\/face.unt.edu.ar\/web\/wp-content\/uploads\/2021\/07\/jaim-etcheverry-face-unt-2021web-286x300.jpg\" alt=\"\" width=\"496\" height=\"520\" srcset=\"https:\/\/face.unt.edu.ar\/web\/wp-content\/uploads\/2021\/07\/jaim-etcheverry-face-unt-2021web-286x300.jpg 286w, https:\/\/face.unt.edu.ar\/web\/wp-content\/uploads\/2021\/07\/jaim-etcheverry-face-unt-2021web-768x805.jpg 768w, https:\/\/face.unt.edu.ar\/web\/wp-content\/uploads\/2021\/07\/jaim-etcheverry-face-unt-2021web-696x729.jpg 696w, https:\/\/face.unt.edu.ar\/web\/wp-content\/uploads\/2021\/07\/jaim-etcheverry-face-unt-2021web-401x420.jpg 401w, https:\/\/face.unt.edu.ar\/web\/wp-content\/uploads\/2021\/07\/jaim-etcheverry-face-unt-2021web-802x840.jpg 802w, https:\/\/face.unt.edu.ar\/web\/wp-content\/uploads\/2021\/07\/jaim-etcheverry-face-unt-2021web.jpg 900w\" sizes=\"(max-width: 496px) 100vw, 496px\" \/><\/p>\n<p><strong>Sobre Guillermo Jaim Etcheverry<\/strong><\/p>\n<p>M\u00e9dico y doctor en Medicina, Universidad de Buenos Aires (UBA). Su tesis de doctorado recibi\u00f3 el premio Facultad de Medicina a la mejor Tesis de 1972 en Ciencias B\u00e1sicas.<\/p>\n<p>Dedicado en forma exclusiva a la docencia y la investigaci\u00f3n en el campo de la neurobiolog\u00eda, fue becario de iniciaci\u00f3n y de perfeccionamiento del Consejo Nacional de Investigaciones Cient\u00edficas y T\u00e9cnicas (CONICET) llegando a desempe\u00f1arse como Investigador Principal en su Carrera del Investigador Cient\u00edfico. Ocup\u00f3 todas las posiciones docentes en el Departamento de Biolog\u00eda Celular e Histolog\u00eda de la Facultad de Medicina (UBA) del que fue profesor titular y director hasta 2008. Entre los a\u00f1os 1986 y 1990 fue decano de esa Facultad. Realiz\u00f3 estudios de posgrado en Basilea, Suiza y, entre otras distinciones, obtuvo la beca de la John Simon Guggenheim Memorial Foundation para trabajar en el Salk Institute de La Jolla, California durante 1978. Es editor de numerosas publicaciones nacionales e internacionales. Es miembro correspondiente de la Academia Ciencias M\u00e9dicas de C\u00f3rdoba y miembro de n\u00famero de las Academias Nacionales de Educaci\u00f3n y de Ciencias de Buenos Aires y de la Academia Argentina de Artes y Ciencias de la Comunicaci\u00f3n. En 1999 public\u00f3 \u00abLa tragedia educativa\u00bb libro que recibi\u00f3 el premio al mejor libro de educaci\u00f3n del a\u00f1o otorgado por las X Jornadas Internacionales de Educaci\u00f3n. En 2001 recibi\u00f3 el premio \u201cMaestro de la medicina argentina\u201d. Fue rector de la Universidad de Buenos Aires para el periodo 2002-2006. En 2004 fue elegido Foreign Honorary Member por la American Academy of Arts and Sciences de los Estados Unidos de Am\u00e9rica e integr\u00f3 el jurado que otorg\u00f3 los \u201cThe Rolex Awards for Enterprise\u201d. Entre 2005 y 2012 presidi\u00f3 el Comit\u00e9 de Selecci\u00f3n de las becas que otorga la John Simon Guggenheim Memorial Foundation.<\/p>\n","protected":false},"excerpt":{"rendered":"<p>El Dr.\u00a0Guillermo Jaim Etcheverry\u00a0brindar\u00e1 la\u00a0Charla Magistral Virtual \u00abEducaci\u00f3n. La tragedia contin\u00faa.\u00bb para nuestra comunidad universitaria y la sociedad en general. Ser\u00e1 este\u00a0mi\u00e9rcoles 07 de Julio, a las 19:00 horas, con\u00a0transmisi\u00f3n en vivo, a trav\u00e9s del\u00a0Canal de YouTube\u00a0de nuestra Facultad\u00a0FACE UNT. El t\u00edtulo de la chara es el mismo al de su \u00faltimo libro donde contin\u00faa [&hellip;]<\/p>\n","protected":false},"author":2,"featured_media":11934,"comment_status":"open","ping_status":"open","sticky":false,"template":"","format":"standard","meta":{"_et_pb_use_builder":"","_et_pb_old_content":"","_et_gb_content_width":"","footnotes":""},"categories":[4],"tags":[],"_links":{"self":[{"href":"https:\/\/face.unt.edu.ar\/web\/wp-json\/wp\/v2\/posts\/11933"}],"collection":[{"href":"https:\/\/face.unt.edu.ar\/web\/wp-json\/wp\/v2\/posts"}],"about":[{"href":"https:\/\/face.unt.edu.ar\/web\/wp-json\/wp\/v2\/types\/post"}],"author":[{"embeddable":true,"href":"https:\/\/face.unt.edu.ar\/web\/wp-json\/wp\/v2\/users\/2"}],"replies":[{"embeddable":true,"href":"https:\/\/face.unt.edu.ar\/web\/wp-json\/wp\/v2\/comments?post=11933"}],"version-history":[{"count":3,"href":"https:\/\/face.unt.edu.ar\/web\/wp-json\/wp\/v2\/posts\/11933\/revisions"}],"predecessor-version":[{"id":11940,"href":"https:\/\/face.unt.edu.ar\/web\/wp-json\/wp\/v2\/posts\/11933\/revisions\/11940"}],"wp:featuredmedia":[{"embeddable":true,"href":"https:\/\/face.unt.edu.ar\/web\/wp-json\/wp\/v2\/media\/11934"}],"wp:attachment":[{"href":"https:\/\/face.unt.edu.ar\/web\/wp-json\/wp\/v2\/media?parent=11933"}],"wp:term":[{"taxonomy":"category","embeddable":true,"href":"https:\/\/face.unt.edu.ar\/web\/wp-json\/wp\/v2\/categories?post=11933"},{"taxonomy":"post_tag","embeddable":true,"href":"https:\/\/face.unt.edu.ar\/web\/wp-json\/wp\/v2\/tags?post=11933"}],"curies":[{"name":"wp","href":"https:\/\/api.w.org\/{rel}","templated":true}]}}