{"id":11980,"date":"2021-07-19T21:19:41","date_gmt":"2021-07-19T21:19:41","guid":{"rendered":"https:\/\/face.unt.edu.ar\/web\/?p=11980"},"modified":"2021-07-19T21:57:25","modified_gmt":"2021-07-19T21:57:25","slug":"se-reprogramara-el-segundo-llamado-a-la-mesa-de-examenes-finales","status":"publish","type":"post","link":"https:\/\/face.unt.edu.ar\/web\/blog\/se-reprogramara-el-segundo-llamado-a-la-mesa-de-examenes-finales\/","title":{"rendered":"Se reprogramar\u00e1 el Segundo Llamado a la Mesa de Ex\u00e1menes Finales"},"content":{"rendered":"<p>Se informa a la comunidad que debido a inconvenientes con el SIU Guaran\u00ed y con la carga de notas <strong>se prorrogar\u00e1 una semana la Mesa de Ex\u00e1menes Finales<\/strong> correspondiente al <strong>Segundo Llamado<\/strong>, los cuales se desarrollar\u00e1n <strong>del 02 al 06 de Agosto<\/strong>.<br \/>\nCabe destacar, que las <strong>inscripciones<\/strong> a la misma tambi\u00e9n <strong>se reprogramaron<\/strong> para los d\u00edas <strong>26 y 27 de Julio<\/strong>.<\/p>\n","protected":false},"excerpt":{"rendered":"<p>Se informa a la comunidad que debido a inconvenientes con el SIU Guaran\u00ed y con la carga de notas se prorrogar\u00e1 una semana la Mesa de Ex\u00e1menes Finales correspondiente al Segundo Llamado, los cuales se desarrollar\u00e1n del 02 al 06 de Agosto. Cabe destacar, que las inscripciones a la misma tambi\u00e9n se reprogramaron para los [&hellip;]<\/p>\n","protected":false},"author":2,"featured_media":11104,"comment_status":"open","ping_status":"open","sticky":false,"template":"","format":"standard","meta":{"_et_pb_use_builder":"","_et_pb_old_content":"","_et_gb_content_width":"","footnotes":""},"categories":[4],"tags":[],"_links":{"self":[{"href":"https:\/\/face.unt.edu.ar\/web\/wp-json\/wp\/v2\/posts\/11980"}],"collection":[{"href":"https:\/\/face.unt.edu.ar\/web\/wp-json\/wp\/v2\/posts"}],"about":[{"href":"https:\/\/face.unt.edu.ar\/web\/wp-json\/wp\/v2\/types\/post"}],"author":[{"embeddable":true,"href":"https:\/\/face.unt.edu.ar\/web\/wp-json\/wp\/v2\/users\/2"}],"replies":[{"embeddable":true,"href":"https:\/\/face.unt.edu.ar\/web\/wp-json\/wp\/v2\/comments?post=11980"}],"version-history":[{"count":2,"href":"https:\/\/face.unt.edu.ar\/web\/wp-json\/wp\/v2\/posts\/11980\/revisions"}],"predecessor-version":[{"id":11982,"href":"https:\/\/face.unt.edu.ar\/web\/wp-json\/wp\/v2\/posts\/11980\/revisions\/11982"}],"wp:featuredmedia":[{"embeddable":true,"href":"https:\/\/face.unt.edu.ar\/web\/wp-json\/wp\/v2\/media\/11104"}],"wp:attachment":[{"href":"https:\/\/face.unt.edu.ar\/web\/wp-json\/wp\/v2\/media?parent=11980"}],"wp:term":[{"taxonomy":"category","embeddable":true,"href":"https:\/\/face.unt.edu.ar\/web\/wp-json\/wp\/v2\/categories?post=11980"},{"taxonomy":"post_tag","embeddable":true,"href":"https:\/\/face.unt.edu.ar\/web\/wp-json\/wp\/v2\/tags?post=11980"}],"curies":[{"name":"wp","href":"https:\/\/api.w.org\/{rel}","templated":true}]}}