{"id":12027,"date":"2021-07-30T15:30:22","date_gmt":"2021-07-30T15:30:22","guid":{"rendered":"https:\/\/face.unt.edu.ar\/web\/?p=12027"},"modified":"2021-07-30T14:27:01","modified_gmt":"2021-07-30T14:27:01","slug":"curso-de-extension-desarrollo-de-habilidades-gerenciales-3","status":"publish","type":"post","link":"https:\/\/face.unt.edu.ar\/web\/blog\/curso-de-extension-desarrollo-de-habilidades-gerenciales-3\/","title":{"rendered":"Curso de extensi\u00f3n \u201cDesarrollo de Habilidades Gerenciales\u201d"},"content":{"rendered":"<p>Se dictar\u00e1\u00a0 el <strong>Curso de Extensi\u00f3n \u201cDesarrollo de Habilidades Gerenciales\u201d<\/strong> a cargo de los <strong>profesores<\/strong> <strong>Marcelo Medina Galvan<\/strong> y <strong>Javier Antonio Garc\u00eda<\/strong>, de la C\u00e1tedra Contabilidad Gerencial, y el Profesor <strong>Patricio Cossio<\/strong> de la C\u00e1tedra Principios de Econom\u00eda I.<\/p>\n<p><strong>Ser\u00e1 a partir del 03 de agosto de 2021<\/strong>, los martes y jueves, en el horario de <strong>18:30 a 21:30 horas<\/strong>.<\/p>\n<p>El Curso est\u00e1 <strong>destinado a personas que tengan inter\u00e9s en conocer herramientas para la detecci\u00f3n, conservaci\u00f3n y desarrollo del talento humano.<\/strong><br \/>\n<strong>Personas que toman decisiones u ocupan cargos gerenciales<\/strong> dentro de una organizaci\u00f3n.Todo aquel que desee mejorar sus <strong>habilidades blandas<\/strong>.<\/p>\n<p>Se realizar\u00e1 con <strong>modalidad virtual<\/strong>, utilizando la plataforma Zoom. Ser\u00e1n 4 encuentros con una carga horaria de 12 horas reloj.<\/p>\n<p class=\"zfr3Q\" dir=\"ltr\">El desarrollo del curso comprender\u00e1 actividades sincr\u00f3nicas (on line) y actividades asincr\u00f3nicas (off line) en el Aula Virtual.<\/p>\n<p class=\"zfr3Q\" dir=\"ltr\">Tiene un <strong>cupo m\u00e1ximo de 20 personas<\/strong>, ya que este curso ofrece una capacitaci\u00f3n y seguimiento personalizado.<\/p>\n<p>El objetivo general del curso es desarrollar en el participante competencias gerenciales que contribuyan a la formaci\u00f3n de un profesional que sea capaz de ejecutar procesos de direcci\u00f3n en entornos din\u00e1micos explotando el talento humano.<\/p>\n<p>Las <strong>pre-inscripciones<\/strong> se realizan en el siguiente formulario:\u00a0<strong><a href=\"http:\/\/www.bit.ly\/Dhabilidadesgerenciales\" target=\"_blank\" rel=\"noopener\">www.bit.ly\/Dhabilidadesgerenciales<\/a><\/strong><\/p>\n<p><strong><a href=\"https:\/\/face.unt.edu.ar\/web\/iadmin\/curso-de-extension-desarrollo-de-habilidades-gerenciales-2021\/\" target=\"_blank\" rel=\"noopener\">Por m\u00e1s informaci\u00f3n sobre el contenido del curso y la inversi\u00f3n que requiere hacer clic aqu\u00ed.\u00a0\u00a0<\/a><\/strong><\/p>\n<p><img decoding=\"async\" loading=\"lazy\" class=\" wp-image-12028 aligncenter\" src=\"https:\/\/face.unt.edu.ar\/web\/wp-content\/uploads\/2021\/07\/desarrollo-de-habilidaes-gerenciales-212x300.jpg\" alt=\"\" width=\"611\" height=\"865\" srcset=\"https:\/\/face.unt.edu.ar\/web\/wp-content\/uploads\/2021\/07\/desarrollo-de-habilidaes-gerenciales-212x300.jpg 212w, https:\/\/face.unt.edu.ar\/web\/wp-content\/uploads\/2021\/07\/desarrollo-de-habilidaes-gerenciales-724x1024.jpg 724w, https:\/\/face.unt.edu.ar\/web\/wp-content\/uploads\/2021\/07\/desarrollo-de-habilidaes-gerenciales-768x1086.jpg 768w, https:\/\/face.unt.edu.ar\/web\/wp-content\/uploads\/2021\/07\/desarrollo-de-habilidaes-gerenciales-1086x1536.jpg 1086w, https:\/\/face.unt.edu.ar\/web\/wp-content\/uploads\/2021\/07\/desarrollo-de-habilidaes-gerenciales-696x985.jpg 696w, https:\/\/face.unt.edu.ar\/web\/wp-content\/uploads\/2021\/07\/desarrollo-de-habilidaes-gerenciales-1068x1511.jpg 1068w, https:\/\/face.unt.edu.ar\/web\/wp-content\/uploads\/2021\/07\/desarrollo-de-habilidaes-gerenciales-297x420.jpg 297w, https:\/\/face.unt.edu.ar\/web\/wp-content\/uploads\/2021\/07\/desarrollo-de-habilidaes-gerenciales-594x840.jpg 594w, https:\/\/face.unt.edu.ar\/web\/wp-content\/uploads\/2021\/07\/desarrollo-de-habilidaes-gerenciales.jpg 1131w\" sizes=\"(max-width: 611px) 100vw, 611px\" \/><\/p>\n","protected":false},"excerpt":{"rendered":"<p>Se dictar\u00e1\u00a0 el Curso de Extensi\u00f3n \u201cDesarrollo de Habilidades Gerenciales\u201d a cargo de los profesores Marcelo Medina Galvan y Javier Antonio Garc\u00eda, de la C\u00e1tedra Contabilidad Gerencial, y el Profesor Patricio Cossio de la C\u00e1tedra Principios de Econom\u00eda I. Ser\u00e1 a partir del 03 de agosto de 2021, los martes y jueves, en el horario [&hellip;]<\/p>\n","protected":false},"author":2,"featured_media":12030,"comment_status":"open","ping_status":"open","sticky":false,"template":"","format":"standard","meta":{"_et_pb_use_builder":"","_et_pb_old_content":"","_et_gb_content_width":"","footnotes":""},"categories":[4],"tags":[435,803],"_links":{"self":[{"href":"https:\/\/face.unt.edu.ar\/web\/wp-json\/wp\/v2\/posts\/12027"}],"collection":[{"href":"https:\/\/face.unt.edu.ar\/web\/wp-json\/wp\/v2\/posts"}],"about":[{"href":"https:\/\/face.unt.edu.ar\/web\/wp-json\/wp\/v2\/types\/post"}],"author":[{"embeddable":true,"href":"https:\/\/face.unt.edu.ar\/web\/wp-json\/wp\/v2\/users\/2"}],"replies":[{"embeddable":true,"href":"https:\/\/face.unt.edu.ar\/web\/wp-json\/wp\/v2\/comments?post=12027"}],"version-history":[{"count":1,"href":"https:\/\/face.unt.edu.ar\/web\/wp-json\/wp\/v2\/posts\/12027\/revisions"}],"predecessor-version":[{"id":12029,"href":"https:\/\/face.unt.edu.ar\/web\/wp-json\/wp\/v2\/posts\/12027\/revisions\/12029"}],"wp:featuredmedia":[{"embeddable":true,"href":"https:\/\/face.unt.edu.ar\/web\/wp-json\/wp\/v2\/media\/12030"}],"wp:attachment":[{"href":"https:\/\/face.unt.edu.ar\/web\/wp-json\/wp\/v2\/media?parent=12027"}],"wp:term":[{"taxonomy":"category","embeddable":true,"href":"https:\/\/face.unt.edu.ar\/web\/wp-json\/wp\/v2\/categories?post=12027"},{"taxonomy":"post_tag","embeddable":true,"href":"https:\/\/face.unt.edu.ar\/web\/wp-json\/wp\/v2\/tags?post=12027"}],"curies":[{"name":"wp","href":"https:\/\/api.w.org\/{rel}","templated":true}]}}