{"id":12051,"date":"2021-08-03T10:31:09","date_gmt":"2021-08-03T10:31:09","guid":{"rendered":"https:\/\/face.unt.edu.ar\/web\/?p=12051"},"modified":"2021-08-04T19:32:50","modified_gmt":"2021-08-04T19:32:50","slug":"curso-de-nivelacion-para-quienes-quieren-estudiar-en-nuestra-facultad-2","status":"publish","type":"post","link":"https:\/\/face.unt.edu.ar\/web\/blog\/curso-de-nivelacion-para-quienes-quieren-estudiar-en-nuestra-facultad-2\/","title":{"rendered":"Curso de Nivelaci\u00f3n para quienes quieren estudiar en nuestra Facultad"},"content":{"rendered":"<p>La\u00a0<strong>Facultad de Ciencias Econ\u00f3micas de la Universidad Nacional de Tucum\u00e1n<\/strong>,<strong>\u00a0inicia las<\/strong>\u00a0<strong>inscripciones<\/strong> para la instancia de <strong>Septiembre a Noviembre<\/strong> <strong>de 2021<\/strong>\u00a0para el<strong>\u00a0Curso de Nivelaci\u00f3n FACE<\/strong>.<\/p>\n<p>Al mismo lo pueden realizar aquellos\u00a0<strong>estudiantes que hayan terminado el secundario<\/strong>\u00a0y deseen iniciar sus estudios en la Facultad o bien<strong>\u00a0aquellos que a\u00fan est\u00e9n cursando sus estudios y quieran ingresar en 2022.<\/strong><\/p>\n<p>El per\u00edodo de inscripciones ser\u00e1\u00a0<strong>desde el 04 de Agosto al 01 de Septiembre de 2021.<\/strong><\/p>\n<p><strong>Las clases inician el 06 de Septiembre de 2021.<\/strong><\/p>\n<p><strong>El Curso de Nivelaci\u00f3n ser\u00e1 bajo la modalidad virtual \u00fanicamente.\u00a0<\/strong><\/p>\n<p>&nbsp;<\/p>\n<p><b>PROCEDIMIENTO DE INSCRIPCI\u00d3N:<\/b><\/p>\n<p>&nbsp;<\/p>\n<p><b>1- Abonar el importe del Curso<\/b>\u00a0a trav\u00e9s de\u00a0<strong>Mercadopago:<\/strong><\/p>\n<p><strong>\u2013 Link para recursantes:\u00a0<a href=\"https:\/\/mpago.la\/32iG1df\" target=\"_blank\" rel=\"noopener\">https:\/\/mpago.la\/32iG1df<\/a><\/strong><\/p>\n<p><strong>\u2013 Link para inscriptos por primera vez:\u00a0<a href=\"https:\/\/mpago.la\/1GnxwCk\" target=\"_blank\" rel=\"noopener\">https:\/\/mpago.la\/1GnxwCk<\/a><\/strong><\/p>\n<p><b>2- Completar el formulario de inscripci\u00f3n<\/b>, ingresando a\u00a0<strong><a href=\"https:\/\/forms.gle\/QR3JHGunyA3AWUuN6\" target=\"_blank\" rel=\"noopener\">https:\/\/forms.gle\/QR3JHGunyA3AWUuN6<\/a><\/strong>. Al finalizar la carga del mismo, recibir\u00e1 un acuse de recibo de su inscripci\u00f3n, por lo que le solicitamos completar el formulario una sola vez.<\/p>\n<p><b>3-\u00a0<\/b>Desde la Coordinaci\u00f3n del Curso,\u00a0<strong>se le enviar\u00e1 un e-mail al correo electr\u00f3nico registrado por el alumno en el formulario<\/strong>, con la instrucci\u00f3n para acceso e inscripci\u00f3n en el campus virtual. El env\u00edo se realiza peri\u00f3dicamente, iniciando el 08\/04\/2021<strong>.<\/strong><\/p>\n<p><a href=\"https:\/\/face.unt.edu.ar\/web\/ingresantes\/\" target=\"_blank\" rel=\"noopener\"><strong>Pueden encontrar informaci\u00f3n sobre los contenidos y m\u00e1s detalles haciendo clic aqu\u00ed.<\/strong><\/a><\/p>\n","protected":false},"excerpt":{"rendered":"<p>La\u00a0Facultad de Ciencias Econ\u00f3micas de la Universidad Nacional de Tucum\u00e1n,\u00a0inicia las\u00a0inscripciones para la instancia de Septiembre a Noviembre de 2021\u00a0para el\u00a0Curso de Nivelaci\u00f3n FACE. Al mismo lo pueden realizar aquellos\u00a0estudiantes que hayan terminado el secundario\u00a0y deseen iniciar sus estudios en la Facultad o bien\u00a0aquellos que a\u00fan est\u00e9n cursando sus estudios y quieran ingresar en 2022. [&hellip;]<\/p>\n","protected":false},"author":2,"featured_media":10580,"comment_status":"open","ping_status":"open","sticky":false,"template":"","format":"standard","meta":{"_et_pb_use_builder":"","_et_pb_old_content":"","_et_gb_content_width":"","footnotes":""},"categories":[4],"tags":[],"_links":{"self":[{"href":"https:\/\/face.unt.edu.ar\/web\/wp-json\/wp\/v2\/posts\/12051"}],"collection":[{"href":"https:\/\/face.unt.edu.ar\/web\/wp-json\/wp\/v2\/posts"}],"about":[{"href":"https:\/\/face.unt.edu.ar\/web\/wp-json\/wp\/v2\/types\/post"}],"author":[{"embeddable":true,"href":"https:\/\/face.unt.edu.ar\/web\/wp-json\/wp\/v2\/users\/2"}],"replies":[{"embeddable":true,"href":"https:\/\/face.unt.edu.ar\/web\/wp-json\/wp\/v2\/comments?post=12051"}],"version-history":[{"count":2,"href":"https:\/\/face.unt.edu.ar\/web\/wp-json\/wp\/v2\/posts\/12051\/revisions"}],"predecessor-version":[{"id":12062,"href":"https:\/\/face.unt.edu.ar\/web\/wp-json\/wp\/v2\/posts\/12051\/revisions\/12062"}],"wp:featuredmedia":[{"embeddable":true,"href":"https:\/\/face.unt.edu.ar\/web\/wp-json\/wp\/v2\/media\/10580"}],"wp:attachment":[{"href":"https:\/\/face.unt.edu.ar\/web\/wp-json\/wp\/v2\/media?parent=12051"}],"wp:term":[{"taxonomy":"category","embeddable":true,"href":"https:\/\/face.unt.edu.ar\/web\/wp-json\/wp\/v2\/categories?post=12051"},{"taxonomy":"post_tag","embeddable":true,"href":"https:\/\/face.unt.edu.ar\/web\/wp-json\/wp\/v2\/tags?post=12051"}],"curies":[{"name":"wp","href":"https:\/\/api.w.org\/{rel}","templated":true}]}}