{"id":12102,"date":"2021-08-09T07:00:35","date_gmt":"2021-08-09T07:00:35","guid":{"rendered":"https:\/\/face.unt.edu.ar\/web\/?p=12102"},"modified":"2021-08-08T18:59:10","modified_gmt":"2021-08-08T18:59:10","slug":"bienvenidos-al-segundo-cuatrimestre-2021","status":"publish","type":"post","link":"https:\/\/face.unt.edu.ar\/web\/blog\/bienvenidos-al-segundo-cuatrimestre-2021\/","title":{"rendered":"Bienvenidos al Segundo Cuatrimestre 2021"},"content":{"rendered":"<p>Este lunes 9 de Agosto inicia el\u00a0<strong>Segundo Cuatrimestre<\/strong>\u00a0en nuestra\u00a0<strong>Facultad de Ciencias Econ\u00f3micas de la UNT<\/strong>\u00a0y con ello, iniciamos una nueva etapa. Es grato para nosotros poder implementar\u00a0<strong>dos modalidades del dictado de clases<\/strong>.<\/p>\n<p>Gracias a las posibilidades que la situaci\u00f3n epidemiol\u00f3gica actual y la vacunaci\u00f3n nos permiten,\u00a0<strong>podemos volver a recibir estudiantes y Docentes en nuestra Casa de Estudios.\u00a0<\/strong><\/p>\n<p>Si bien hoy\u00a0<strong>la presencialidad se hace posible<\/strong>, nos exige\u00a0<strong>cumplir de forma rigurosa el protocolo<\/strong>\u00a0que aprendimos hace ya un a\u00f1o y medio:\u00a0<strong>respetar la distancia social, lavarnos las manos frecuentemente y usar barbijo<\/strong>; lo que se traduce en tener\u00a0<strong>empat\u00eda, ser responsables y tener el mayor cuidado posible<\/strong>. Hoy m\u00e1s que nunca la Facultad es nuestra casa, cada uno de nosotros formamos una gran familia y como dice el lema que adoptamos en esta pandemia,\u00a0<strong>\u00abcuidarnos es responsabilidad de todos\u00bb<\/strong>.<\/p>\n<p>Sabemos que la situaci\u00f3n actual es diversa y que la realidad que nos atraviesa afecta de diferentes maneras nuestra vida cotidiana, es por eso que desde el a\u00f1o pasado nos esforzamos por lograr la continuidad acad\u00e9mica de nuestros estudiantes. Fue primordial brindarles contenci\u00f3n, pero tambi\u00e9n soluciones. Es por ello que, en este Segundo Cuatrimestre, brindaremos la posibilidad de realizar un\u00a0<strong>cursado presencial de determinadas asignaturas<\/strong>\u00a0que as\u00ed lo decidieron, a fin de que aquellos estudiantes que sufren problemas de conectividad puedan asistir a clases, pero\u00a0<strong>tambi\u00e9n continuaremos con el dictado virtual<\/strong>, ya que comprendemos que tenemos estudiantes que por razones de salud no podr\u00e1n concurrir a las instalaciones de esta unidad acad\u00e9mica, y adem\u00e1s, existe otro grupo de estudiantes que no se encuentra en la provincia.\u00a0Por otro lado, contamos en esta parte del a\u00f1o, con la\u00a0<strong>apertura de nuestra Biblioteca<\/strong>\u00a0y el\u00a0<strong>Laboratorio de Computaci\u00f3n<\/strong>, espacios que ponemos a disposici\u00f3n de los estudiantes.<\/p>\n<p>Todos nuestros\u00a0<strong>Nodocentes ya retomaron sus habituales tareas<\/strong>\u00a0en sus puestos de trabajo, respetando tambi\u00e9n las\u00a0<strong>medidas de prevenci\u00f3n<\/strong>.<\/p>\n<p><strong>Celebramos este reencuentro<\/strong>, con nuestros estudiantes y con nuestros Docentes, y esperamos\u00a0<strong>juntos<\/strong>\u00a0poder enfrentar los desaf\u00edos que nos presenta esta nueva normalidad.<\/p>\n<p>&nbsp;<\/p>\n<p><strong>\u00a0 \u00a0 \u00a0Mag. Jos\u00e9 Luis A. Jim\u00e9nez\u00a0 \u00a0 \u00a0 \u00a0 \u00a0 \u00a0 \u00a0 \u00a0 \u00a0 \u00a0 \u00a0 \u00a0 \u00a0 \u00a0 \u00a0 \u00a0 Mag. Mar\u00eda Liliana Pacheco<\/strong><\/p>\n<p style=\"text-align: left\">\u00a0 \u00a0 \u00a0 \u00a0 \u00a0 \u00a0 \u00a0 \u00a0 \u00a0Decano\u00a0 \u00a0 \u00a0 \u00a0 \u00a0 \u00a0 \u00a0 \u00a0 \u00a0 \u00a0 \u00a0 \u00a0 \u00a0 \u00a0 \u00a0 \u00a0 \u00a0 \u00a0 \u00a0 \u00a0 \u00a0 \u00a0 \u00a0 \u00a0 \u00a0 \u00a0 \u00a0 \u00a0 \u00a0 \u00a0 \u00a0 \u00a0 Vicedecana<br \/>\nFac. de Ciencias Econ\u00f3micas UNT\u00a0 \u00a0 \u00a0 \u00a0 \u00a0 \u00a0 \u00a0 \u00a0 \u00a0 \u00a0 \u00a0 \u00a0 \u00a0 Fac. de Ciencias Econ\u00f3micas UNT<\/p>\n","protected":false},"excerpt":{"rendered":"<p>Este lunes 9 de Agosto inicia el\u00a0Segundo Cuatrimestre\u00a0en nuestra\u00a0Facultad de Ciencias Econ\u00f3micas de la UNT\u00a0y con ello, iniciamos una nueva etapa. Es grato para nosotros poder implementar\u00a0dos modalidades del dictado de clases. Gracias a las posibilidades que la situaci\u00f3n epidemiol\u00f3gica actual y la vacunaci\u00f3n nos permiten,\u00a0podemos volver a recibir estudiantes y Docentes en nuestra Casa [&hellip;]<\/p>\n","protected":false},"author":2,"featured_media":12105,"comment_status":"open","ping_status":"open","sticky":false,"template":"","format":"standard","meta":{"_et_pb_use_builder":"","_et_pb_old_content":"","_et_gb_content_width":"","footnotes":""},"categories":[4],"tags":[],"_links":{"self":[{"href":"https:\/\/face.unt.edu.ar\/web\/wp-json\/wp\/v2\/posts\/12102"}],"collection":[{"href":"https:\/\/face.unt.edu.ar\/web\/wp-json\/wp\/v2\/posts"}],"about":[{"href":"https:\/\/face.unt.edu.ar\/web\/wp-json\/wp\/v2\/types\/post"}],"author":[{"embeddable":true,"href":"https:\/\/face.unt.edu.ar\/web\/wp-json\/wp\/v2\/users\/2"}],"replies":[{"embeddable":true,"href":"https:\/\/face.unt.edu.ar\/web\/wp-json\/wp\/v2\/comments?post=12102"}],"version-history":[{"count":3,"href":"https:\/\/face.unt.edu.ar\/web\/wp-json\/wp\/v2\/posts\/12102\/revisions"}],"predecessor-version":[{"id":12106,"href":"https:\/\/face.unt.edu.ar\/web\/wp-json\/wp\/v2\/posts\/12102\/revisions\/12106"}],"wp:featuredmedia":[{"embeddable":true,"href":"https:\/\/face.unt.edu.ar\/web\/wp-json\/wp\/v2\/media\/12105"}],"wp:attachment":[{"href":"https:\/\/face.unt.edu.ar\/web\/wp-json\/wp\/v2\/media?parent=12102"}],"wp:term":[{"taxonomy":"category","embeddable":true,"href":"https:\/\/face.unt.edu.ar\/web\/wp-json\/wp\/v2\/categories?post=12102"},{"taxonomy":"post_tag","embeddable":true,"href":"https:\/\/face.unt.edu.ar\/web\/wp-json\/wp\/v2\/tags?post=12102"}],"curies":[{"name":"wp","href":"https:\/\/api.w.org\/{rel}","templated":true}]}}