{"id":12137,"date":"2021-08-12T17:20:55","date_gmt":"2021-08-12T17:20:55","guid":{"rendered":"https:\/\/face.unt.edu.ar\/web\/?p=12137"},"modified":"2021-08-12T17:20:55","modified_gmt":"2021-08-12T17:20:55","slug":"viernes-13-08-suspension-de-clases-presenciales-de-8-a-12-hs","status":"publish","type":"post","link":"https:\/\/face.unt.edu.ar\/web\/blog\/viernes-13-08-suspension-de-clases-presenciales-de-8-a-12-hs\/","title":{"rendered":"Viernes 13\/08: suspensi\u00f3n de clases presenciales de 8 a 12 hs."},"content":{"rendered":"<p>Se informa a la comunidad educativa que\u00a0<strong>se suspender\u00e1n las clases y ex\u00e1menes presenciales\u00a0<\/strong>correspondientes al\u00a0<strong>viernes 13 de Agosto<\/strong>, en el horario de\u00a0<strong>08:00 a 12:00 horas<\/strong>, debido a un corte de energ\u00eda el\u00e9ctrica programado por EDET.<\/p>\n<p>Por la reprogramaci\u00f3n de las actividades<strong>, los estudiantes deben visitar el Aula Virtual de cada C\u00e1tedra.<\/strong><\/p>\n<p><strong>La actividad administrativa ser\u00e1 normal.\u00a0<\/strong><\/p>\n","protected":false},"excerpt":{"rendered":"<p>Se informa a la comunidad educativa que\u00a0se suspender\u00e1n las clases y ex\u00e1menes presenciales\u00a0correspondientes al\u00a0viernes 13 de Agosto, en el horario de\u00a008:00 a 12:00 horas, debido a un corte de energ\u00eda el\u00e9ctrica programado por EDET. Por la reprogramaci\u00f3n de las actividades, los estudiantes deben visitar el Aula Virtual de cada C\u00e1tedra. La actividad administrativa ser\u00e1 normal.\u00a0<\/p>\n","protected":false},"author":2,"featured_media":9692,"comment_status":"open","ping_status":"open","sticky":false,"template":"","format":"standard","meta":{"_et_pb_use_builder":"","_et_pb_old_content":"","_et_gb_content_width":"","footnotes":""},"categories":[4],"tags":[],"_links":{"self":[{"href":"https:\/\/face.unt.edu.ar\/web\/wp-json\/wp\/v2\/posts\/12137"}],"collection":[{"href":"https:\/\/face.unt.edu.ar\/web\/wp-json\/wp\/v2\/posts"}],"about":[{"href":"https:\/\/face.unt.edu.ar\/web\/wp-json\/wp\/v2\/types\/post"}],"author":[{"embeddable":true,"href":"https:\/\/face.unt.edu.ar\/web\/wp-json\/wp\/v2\/users\/2"}],"replies":[{"embeddable":true,"href":"https:\/\/face.unt.edu.ar\/web\/wp-json\/wp\/v2\/comments?post=12137"}],"version-history":[{"count":1,"href":"https:\/\/face.unt.edu.ar\/web\/wp-json\/wp\/v2\/posts\/12137\/revisions"}],"predecessor-version":[{"id":12138,"href":"https:\/\/face.unt.edu.ar\/web\/wp-json\/wp\/v2\/posts\/12137\/revisions\/12138"}],"wp:featuredmedia":[{"embeddable":true,"href":"https:\/\/face.unt.edu.ar\/web\/wp-json\/wp\/v2\/media\/9692"}],"wp:attachment":[{"href":"https:\/\/face.unt.edu.ar\/web\/wp-json\/wp\/v2\/media?parent=12137"}],"wp:term":[{"taxonomy":"category","embeddable":true,"href":"https:\/\/face.unt.edu.ar\/web\/wp-json\/wp\/v2\/categories?post=12137"},{"taxonomy":"post_tag","embeddable":true,"href":"https:\/\/face.unt.edu.ar\/web\/wp-json\/wp\/v2\/tags?post=12137"}],"curies":[{"name":"wp","href":"https:\/\/api.w.org\/{rel}","templated":true}]}}