{"id":12182,"date":"2021-08-26T14:13:47","date_gmt":"2021-08-26T14:13:47","guid":{"rendered":"https:\/\/face.unt.edu.ar\/web\/?p=12182"},"modified":"2021-08-26T14:14:24","modified_gmt":"2021-08-26T14:14:24","slug":"curso-inferencia-estadistica-ii-con-credito-para-posgrado","status":"publish","type":"post","link":"https:\/\/face.unt.edu.ar\/web\/blog\/curso-inferencia-estadistica-ii-con-credito-para-posgrado\/","title":{"rendered":"Curso \u201cInferencia estad\u00edstica II\u201d con cr\u00e9dito para posgrado"},"content":{"rendered":"<p>Si dictar\u00e1 el Curso\u00a0de Posgrado\u00a0\u201c<strong>Inferencia estad\u00edstica II\u201d<\/strong>\u00a0con cr\u00e9dito para posgrado, a cargo de la <strong>Dra. Viviana B. Lencina<\/strong> y la <strong>Mg. Christine A. Isgro<\/strong>.<\/p>\n<p>El Curso se dictar\u00e1 con modalidad virtual, por medios sincr\u00f3nicos (Meet).<\/p>\n<p>Se desarrollar\u00e1 los <strong>viernes y s\u00e1bados<\/strong>, <strong>del 27 de agosto al 16 de octubre <\/strong>de 2021. Los viernes tendr\u00e1 lugar de 15:00 a 17:30 horas y s\u00e1bado de 8:30 a 11:00 horas.<\/p>\n<p>Para m\u00e1s informaci\u00f3n, los interesados pueden comunicarse por <strong>e-mail a\u00a0<a href=\"mailto:inie@herrera.unt.edu.ar\">inie@herrera.unt.edu.ar<\/a><\/strong>.<\/p>\n<p>El curso es organizado por el <strong>Instituto de Investigaciones Estad\u00edsticas (INIE)<\/strong> nuestra Facultad, en el marco de la carrera posgrado de <strong>Maestr\u00eda en Estad\u00edstica Aplicada<\/strong>.<\/p>\n<p><a href=\"https:\/\/drive.google.com\/file\/d\/1KwKmVnhBnH9Mds17W5z5Mj1znWqI5mHs\/view?usp=sharing\" target=\"_blank\" rel=\"noopener\"><strong>Descripci\u00f3n del\u00a0curso \u2013 clic aqu\u00ed.<\/strong><\/a><\/p>\n<p>&nbsp;<\/p>\n<p><img decoding=\"async\" loading=\"lazy\" class=\" wp-image-12191 aligncenter\" src=\"https:\/\/face.unt.edu.ar\/web\/wp-content\/uploads\/2021\/08\/curso-estadistica-inferencial-300x300.jpg\" alt=\"\" width=\"605\" height=\"605\" srcset=\"https:\/\/face.unt.edu.ar\/web\/wp-content\/uploads\/2021\/08\/curso-estadistica-inferencial-300x300.jpg 300w, https:\/\/face.unt.edu.ar\/web\/wp-content\/uploads\/2021\/08\/curso-estadistica-inferencial-1024x1024.jpg 1024w, https:\/\/face.unt.edu.ar\/web\/wp-content\/uploads\/2021\/08\/curso-estadistica-inferencial-150x150.jpg 150w, https:\/\/face.unt.edu.ar\/web\/wp-content\/uploads\/2021\/08\/curso-estadistica-inferencial-768x768.jpg 768w, https:\/\/face.unt.edu.ar\/web\/wp-content\/uploads\/2021\/08\/curso-estadistica-inferencial-696x696.jpg 696w, https:\/\/face.unt.edu.ar\/web\/wp-content\/uploads\/2021\/08\/curso-estadistica-inferencial-1068x1068.jpg 1068w, https:\/\/face.unt.edu.ar\/web\/wp-content\/uploads\/2021\/08\/curso-estadistica-inferencial-420x420.jpg 420w, https:\/\/face.unt.edu.ar\/web\/wp-content\/uploads\/2021\/08\/curso-estadistica-inferencial-840x840.jpg 840w, https:\/\/face.unt.edu.ar\/web\/wp-content\/uploads\/2021\/08\/curso-estadistica-inferencial.jpg 1080w\" sizes=\"(max-width: 605px) 100vw, 605px\" \/><\/p>\n","protected":false},"excerpt":{"rendered":"<p>Si dictar\u00e1 el Curso\u00a0de Posgrado\u00a0\u201cInferencia estad\u00edstica II\u201d\u00a0con cr\u00e9dito para posgrado, a cargo de la Dra. Viviana B. Lencina y la Mg. Christine A. Isgro. El Curso se dictar\u00e1 con modalidad virtual, por medios sincr\u00f3nicos (Meet). Se desarrollar\u00e1 los viernes y s\u00e1bados, del 27 de agosto al 16 de octubre de 2021. Los viernes tendr\u00e1 lugar [&hellip;]<\/p>\n","protected":false},"author":2,"featured_media":12183,"comment_status":"open","ping_status":"open","sticky":false,"template":"","format":"standard","meta":{"_et_pb_use_builder":"","_et_pb_old_content":"","_et_gb_content_width":"","footnotes":""},"categories":[4,5],"tags":[423,466],"_links":{"self":[{"href":"https:\/\/face.unt.edu.ar\/web\/wp-json\/wp\/v2\/posts\/12182"}],"collection":[{"href":"https:\/\/face.unt.edu.ar\/web\/wp-json\/wp\/v2\/posts"}],"about":[{"href":"https:\/\/face.unt.edu.ar\/web\/wp-json\/wp\/v2\/types\/post"}],"author":[{"embeddable":true,"href":"https:\/\/face.unt.edu.ar\/web\/wp-json\/wp\/v2\/users\/2"}],"replies":[{"embeddable":true,"href":"https:\/\/face.unt.edu.ar\/web\/wp-json\/wp\/v2\/comments?post=12182"}],"version-history":[{"count":2,"href":"https:\/\/face.unt.edu.ar\/web\/wp-json\/wp\/v2\/posts\/12182\/revisions"}],"predecessor-version":[{"id":12192,"href":"https:\/\/face.unt.edu.ar\/web\/wp-json\/wp\/v2\/posts\/12182\/revisions\/12192"}],"wp:featuredmedia":[{"embeddable":true,"href":"https:\/\/face.unt.edu.ar\/web\/wp-json\/wp\/v2\/media\/12183"}],"wp:attachment":[{"href":"https:\/\/face.unt.edu.ar\/web\/wp-json\/wp\/v2\/media?parent=12182"}],"wp:term":[{"taxonomy":"category","embeddable":true,"href":"https:\/\/face.unt.edu.ar\/web\/wp-json\/wp\/v2\/categories?post=12182"},{"taxonomy":"post_tag","embeddable":true,"href":"https:\/\/face.unt.edu.ar\/web\/wp-json\/wp\/v2\/tags?post=12182"}],"curies":[{"name":"wp","href":"https:\/\/api.w.org\/{rel}","templated":true}]}}