{"id":12227,"date":"2021-08-31T14:56:57","date_gmt":"2021-08-31T14:56:57","guid":{"rendered":"https:\/\/face.unt.edu.ar\/web\/?p=12227"},"modified":"2021-08-31T14:56:57","modified_gmt":"2021-08-31T14:56:57","slug":"se-realizo-en-nuestra-facultad-el-curso-aspectos-contables-y-tributarios-para-emprendedores","status":"publish","type":"post","link":"https:\/\/face.unt.edu.ar\/web\/blog\/se-realizo-en-nuestra-facultad-el-curso-aspectos-contables-y-tributarios-para-emprendedores\/","title":{"rendered":"Se realiz\u00f3 en nuestra Facultad el Curso \u201cAspectos contables y tributarios para emprendedores\u201d"},"content":{"rendered":"<p style=\"font-weight: 400\">El pasado jueves tuvo lugar en el Aula Magna de nuestra Facultad, el\u00a0<strong>Curso \u201cAspectos contables y tributarios para emprendedores\u201d<\/strong>,\u00a0<strong>primer curso de extensi\u00f3n con modalidad presencial<\/strong>, que se realiza en contexto de pandemia.<\/p>\n<p style=\"font-weight: 400\">Estuvo organizado por el\u00a0<strong>Instituto de Investigaciones Contables<\/strong>, en conjunto con la\u00a0<strong>Secretar\u00eda de Extensi\u00f3n y Relaciones Institucionales<\/strong>\u00a0de nuestra Casa de Altos Estudios.<\/p>\n<p style=\"font-weight: 400\">Los docentes a cargo fueron la\u00a0<strong>Esp. Gabriela S\u00e1nchez<\/strong>\u00a0y el\u00a0<strong>Esp. Juan Pablo Abdelnur<\/strong>.<\/p>\n<p style=\"font-weight: 400\">Esta actividad fue planteada como una\u00a0<strong>propuesta de capacitaci\u00f3n destinada a emprendedores<\/strong>\u00a0por un lado,\u00a0<strong>y a estudiantes<\/strong>\u00a0de la carrera Contador P\u00fablico Nacional, por otro.<\/p>\n<p style=\"font-weight: 400\">El objetivo de la misma, fue brindar herramientas a los participantes, sobre normas y principios tributarios aplicados a microemprendimientos, es decir, los impuestos y tr\u00e1mites de inscripci\u00f3n y habilitaci\u00f3n que deben cumplir al iniciar una actividad econ\u00f3mica, con los distintos organismos a nivel municipal, provincial y nacional.<\/p>\n<p style=\"font-weight: 400\">Dio la bienvenida a los presentes el Cr. Ariel Apichela, Secretario de Extensi\u00f3n de nuestra Unidad Acad\u00e9mica.<\/p>\n<p><iframe loading=\"lazy\" title=\"Curso \u201cAspectos contables y tributarios para emprendedores\u201d\" width=\"1080\" height=\"608\" src=\"https:\/\/www.youtube.com\/embed\/CNzbUL5SPF4?feature=oembed\"  allow=\"accelerometer; autoplay; clipboard-write; encrypted-media; gyroscope; picture-in-picture; web-share\" referrerpolicy=\"strict-origin-when-cross-origin\" allowfullscreen><\/iframe><\/p>\n<p>&nbsp;<\/p>\n","protected":false},"excerpt":{"rendered":"<p>El pasado jueves tuvo lugar en el Aula Magna de nuestra Facultad, el\u00a0Curso \u201cAspectos contables y tributarios para emprendedores\u201d,\u00a0primer curso de extensi\u00f3n con modalidad presencial, que se realiza en contexto de pandemia. Estuvo organizado por el\u00a0Instituto de Investigaciones Contables, en conjunto con la\u00a0Secretar\u00eda de Extensi\u00f3n y Relaciones Institucionales\u00a0de nuestra Casa de Altos Estudios. Los docentes [&hellip;]<\/p>\n","protected":false},"author":2,"featured_media":12228,"comment_status":"open","ping_status":"open","sticky":false,"template":"","format":"standard","meta":{"_et_pb_use_builder":"","_et_pb_old_content":"","_et_gb_content_width":"","footnotes":""},"categories":[4],"tags":[377,478,608],"_links":{"self":[{"href":"https:\/\/face.unt.edu.ar\/web\/wp-json\/wp\/v2\/posts\/12227"}],"collection":[{"href":"https:\/\/face.unt.edu.ar\/web\/wp-json\/wp\/v2\/posts"}],"about":[{"href":"https:\/\/face.unt.edu.ar\/web\/wp-json\/wp\/v2\/types\/post"}],"author":[{"embeddable":true,"href":"https:\/\/face.unt.edu.ar\/web\/wp-json\/wp\/v2\/users\/2"}],"replies":[{"embeddable":true,"href":"https:\/\/face.unt.edu.ar\/web\/wp-json\/wp\/v2\/comments?post=12227"}],"version-history":[{"count":1,"href":"https:\/\/face.unt.edu.ar\/web\/wp-json\/wp\/v2\/posts\/12227\/revisions"}],"predecessor-version":[{"id":12229,"href":"https:\/\/face.unt.edu.ar\/web\/wp-json\/wp\/v2\/posts\/12227\/revisions\/12229"}],"wp:featuredmedia":[{"embeddable":true,"href":"https:\/\/face.unt.edu.ar\/web\/wp-json\/wp\/v2\/media\/12228"}],"wp:attachment":[{"href":"https:\/\/face.unt.edu.ar\/web\/wp-json\/wp\/v2\/media?parent=12227"}],"wp:term":[{"taxonomy":"category","embeddable":true,"href":"https:\/\/face.unt.edu.ar\/web\/wp-json\/wp\/v2\/categories?post=12227"},{"taxonomy":"post_tag","embeddable":true,"href":"https:\/\/face.unt.edu.ar\/web\/wp-json\/wp\/v2\/tags?post=12227"}],"curies":[{"name":"wp","href":"https:\/\/api.w.org\/{rel}","templated":true}]}}