{"id":12240,"date":"2021-09-02T15:29:45","date_gmt":"2021-09-02T15:29:45","guid":{"rendered":"https:\/\/face.unt.edu.ar\/web\/?p=12240"},"modified":"2021-09-02T15:29:45","modified_gmt":"2021-09-02T15:29:45","slug":"docentes-y-una-alumna-de-nuestra-facultad-participaron-en-el-congreso-pre-aset-de-salta","status":"publish","type":"post","link":"https:\/\/face.unt.edu.ar\/web\/blog\/docentes-y-una-alumna-de-nuestra-facultad-participaron-en-el-congreso-pre-aset-de-salta\/","title":{"rendered":"Docentes y una alumna de nuestra Facultad participaron en el Congreso PRE-ASET de Salta"},"content":{"rendered":"<p style=\"font-weight: 400\">Las Docentes Mg. Beatriz \u00c1lvarez y Lic. Florencia Correa Deza, junto la estudiante Agostina Zulli,\u00a0(Licenciatura en Econom\u00eda FACE UNT),\u00a0presentaron el trabajo\u00a0<strong>\u00ab<\/strong><strong>G\u00e9nero y trabajo dom\u00e9stico y de cuidados no remunerado. Resultados de un relevamiento del uso del tiempo durante la pandemia en Tucum\u00e1n\u00bb<\/strong><em>,\u00a0<\/em>en el primer<em>\u00a0<\/em><strong>PRE-ASET.<\/strong><\/p>\n<p style=\"font-weight: 400\">Este Congreso fue organizado por el Instituto de Estudios Laborales y de Desarrollo Econ\u00f3mico (IELDE) de la Universidad Nacional de Salta y la Asociaci\u00f3n Argentina de Especialistas de Estudios del Trabajo (ASET) bajo la modalidad virtual.<\/p>\n<p><img decoding=\"async\" loading=\"lazy\" class=\" wp-image-12242 aligncenter\" src=\"https:\/\/face.unt.edu.ar\/web\/wp-content\/uploads\/2021\/09\/IMG_42071-300x170.jpg\" alt=\"\" width=\"498\" height=\"282\" srcset=\"https:\/\/face.unt.edu.ar\/web\/wp-content\/uploads\/2021\/09\/IMG_42071-300x170.jpg 300w, https:\/\/face.unt.edu.ar\/web\/wp-content\/uploads\/2021\/09\/IMG_42071-768x436.jpg 768w, https:\/\/face.unt.edu.ar\/web\/wp-content\/uploads\/2021\/09\/IMG_42071-696x395.jpg 696w, https:\/\/face.unt.edu.ar\/web\/wp-content\/uploads\/2021\/09\/IMG_42071-739x420.jpg 739w, https:\/\/face.unt.edu.ar\/web\/wp-content\/uploads\/2021\/09\/IMG_42071.jpg 1000w\" sizes=\"(max-width: 498px) 100vw, 498px\" \/><\/p>\n<p style=\"font-weight: 400\">Los encuentros tuvieron como objetivo generar\u00a0espacios de discusi\u00f3n sobre las\u00a0<strong>desigualdades en el mercado laboral<\/strong>\u00a0y la presencia y ausencia de las mujeres en este \u00e1mbito, las\u00a0<strong>desigualdades de g\u00e9nero<\/strong>\u00a0y las barreras para reducir esas brechas, haciendo \u00e9nfasis en el an\u00e1lisis de la regi\u00f3n, por local\u00eda y por estar entre las m\u00e1s pobres y postergadas del pa\u00eds.<\/p>\n<p><img decoding=\"async\" loading=\"lazy\" class=\" wp-image-12243 aligncenter\" src=\"https:\/\/face.unt.edu.ar\/web\/wp-content\/uploads\/2021\/09\/IMG_42091-300x172.jpg\" alt=\"\" width=\"506\" height=\"290\" srcset=\"https:\/\/face.unt.edu.ar\/web\/wp-content\/uploads\/2021\/09\/IMG_42091-300x172.jpg 300w, https:\/\/face.unt.edu.ar\/web\/wp-content\/uploads\/2021\/09\/IMG_42091-768x441.jpg 768w, https:\/\/face.unt.edu.ar\/web\/wp-content\/uploads\/2021\/09\/IMG_42091-696x400.jpg 696w, https:\/\/face.unt.edu.ar\/web\/wp-content\/uploads\/2021\/09\/IMG_42091-732x420.jpg 732w, https:\/\/face.unt.edu.ar\/web\/wp-content\/uploads\/2021\/09\/IMG_42091.jpg 1000w\" sizes=\"(max-width: 506px) 100vw, 506px\" \/><\/p>\n<p style=\"font-weight: 400\">Cabe destacar que este trabajo se encuentra dentro de las l\u00edneas de investigaci\u00f3n del\u00a0<strong>\u00e1rea de G\u00e9nero<\/strong>\u00a0del\u00a0<strong>Laboratorio\u00a0de Pol\u00edticas\u00a0 P\u00fablicas para el Desarrollo Equitativo\u00a0<\/strong>(LAPDE) de nuestra Unidad Acad\u00e9mica, de las cuales las 3 expositoras forman parte.<\/p>\n","protected":false},"excerpt":{"rendered":"<p>Las Docentes Mg. Beatriz \u00c1lvarez y Lic. Florencia Correa Deza, junto la estudiante Agostina Zulli,\u00a0(Licenciatura en Econom\u00eda FACE UNT),\u00a0presentaron el trabajo\u00a0\u00abG\u00e9nero y trabajo dom\u00e9stico y de cuidados no remunerado. Resultados de un relevamiento del uso del tiempo durante la pandemia en Tucum\u00e1n\u00bb,\u00a0en el primer\u00a0PRE-ASET. Este Congreso fue organizado por el Instituto de Estudios Laborales y [&hellip;]<\/p>\n","protected":false},"author":2,"featured_media":12241,"comment_status":"open","ping_status":"open","sticky":false,"template":"","format":"standard","meta":{"_et_pb_use_builder":"","_et_pb_old_content":"","_et_gb_content_width":"","footnotes":""},"categories":[4],"tags":[],"_links":{"self":[{"href":"https:\/\/face.unt.edu.ar\/web\/wp-json\/wp\/v2\/posts\/12240"}],"collection":[{"href":"https:\/\/face.unt.edu.ar\/web\/wp-json\/wp\/v2\/posts"}],"about":[{"href":"https:\/\/face.unt.edu.ar\/web\/wp-json\/wp\/v2\/types\/post"}],"author":[{"embeddable":true,"href":"https:\/\/face.unt.edu.ar\/web\/wp-json\/wp\/v2\/users\/2"}],"replies":[{"embeddable":true,"href":"https:\/\/face.unt.edu.ar\/web\/wp-json\/wp\/v2\/comments?post=12240"}],"version-history":[{"count":1,"href":"https:\/\/face.unt.edu.ar\/web\/wp-json\/wp\/v2\/posts\/12240\/revisions"}],"predecessor-version":[{"id":12244,"href":"https:\/\/face.unt.edu.ar\/web\/wp-json\/wp\/v2\/posts\/12240\/revisions\/12244"}],"wp:featuredmedia":[{"embeddable":true,"href":"https:\/\/face.unt.edu.ar\/web\/wp-json\/wp\/v2\/media\/12241"}],"wp:attachment":[{"href":"https:\/\/face.unt.edu.ar\/web\/wp-json\/wp\/v2\/media?parent=12240"}],"wp:term":[{"taxonomy":"category","embeddable":true,"href":"https:\/\/face.unt.edu.ar\/web\/wp-json\/wp\/v2\/categories?post=12240"},{"taxonomy":"post_tag","embeddable":true,"href":"https:\/\/face.unt.edu.ar\/web\/wp-json\/wp\/v2\/tags?post=12240"}],"curies":[{"name":"wp","href":"https:\/\/api.w.org\/{rel}","templated":true}]}}