{"id":12267,"date":"2021-09-08T12:57:14","date_gmt":"2021-09-08T12:57:14","guid":{"rendered":"https:\/\/face.unt.edu.ar\/web\/?p=12267"},"modified":"2021-09-08T12:57:14","modified_gmt":"2021-09-08T12:57:14","slug":"inicio-el-curso-de-nivelacion-2022-en-nuestra-facultad","status":"publish","type":"post","link":"https:\/\/face.unt.edu.ar\/web\/blog\/inicio-el-curso-de-nivelacion-2022-en-nuestra-facultad\/","title":{"rendered":"Inici\u00f3 el Curso de Nivelaci\u00f3n 2022 en nuestra Facultad"},"content":{"rendered":"<div class=\"kvgmc6g5 cxmmr5t8 oygrvhab hcukyx3x c1et5uql ii04i59q\">\n<div dir=\"auto\">Aspirantes a estudiar en nuestra Facultad ya tuvieron su primera clase presencial.<\/div>\n<div dir=\"auto\"><\/div>\n<div dir=\"auto\">El <strong>Curso de Nivelaci\u00f3n<\/strong> inaugur\u00f3 sus clases con el m\u00f3dulo de Matem\u00e1tica.<\/div>\n<div dir=\"auto\"><\/div>\n<\/div>\n<div class=\"o9v6fnle cxmmr5t8 oygrvhab hcukyx3x c1et5uql ii04i59q\">\n<div dir=\"auto\">Esta actividad se realiza con el objetivo de lograr que los <strong>Apirantes refuercen o adquieran los conocimientos necesarios para facilitar el cursado del primer a\u00f1o de las carreras de Grado de la FACE<\/strong>: Contador P\u00fablico, Licenciatura en Administraci\u00f3n y Licenciatura en Econom\u00eda.<\/div>\n<div dir=\"auto\"><\/div>\n<\/div>\n<div class=\"o9v6fnle cxmmr5t8 oygrvhab hcukyx3x c1et5uql ii04i59q\">\n<div dir=\"auto\"><span class=\"pq6dq46d tbxw36s4 knj5qynh kvgmc6g5 ditlmg2l oygrvhab nvdbi5me sf5mxxl7 gl3lb2sf hhz5lgdu\">Los contenidos que se dictan se dividen en tres m\u00f3dulos:<\/span><\/div>\n<div dir=\"auto\">-Matem\u00e1tica.<\/div>\n<div dir=\"auto\">-Introducci\u00f3n a las Ciencias Econ\u00f3micas.<\/div>\n<div dir=\"auto\">-M\u00e9todos y T\u00e9cnicas de comprensi\u00f3n y estudio.<\/div>\n<div dir=\"auto\"><\/div>\n<\/div>\n<div dir=\"auto\"><img decoding=\"async\" loading=\"lazy\" class=\"alignnone size-medium wp-image-12268\" src=\"https:\/\/face.unt.edu.ar\/web\/wp-content\/uploads\/2021\/09\/241214036_1961169514051900_6019118082981004058_n-300x225.jpg\" alt=\"\" width=\"300\" height=\"225\" srcset=\"https:\/\/face.unt.edu.ar\/web\/wp-content\/uploads\/2021\/09\/241214036_1961169514051900_6019118082981004058_n-300x225.jpg 300w, https:\/\/face.unt.edu.ar\/web\/wp-content\/uploads\/2021\/09\/241214036_1961169514051900_6019118082981004058_n-1024x768.jpg 1024w, https:\/\/face.unt.edu.ar\/web\/wp-content\/uploads\/2021\/09\/241214036_1961169514051900_6019118082981004058_n-768x576.jpg 768w, https:\/\/face.unt.edu.ar\/web\/wp-content\/uploads\/2021\/09\/241214036_1961169514051900_6019118082981004058_n-1536x1152.jpg 1536w, https:\/\/face.unt.edu.ar\/web\/wp-content\/uploads\/2021\/09\/241214036_1961169514051900_6019118082981004058_n-80x60.jpg 80w, https:\/\/face.unt.edu.ar\/web\/wp-content\/uploads\/2021\/09\/241214036_1961169514051900_6019118082981004058_n-160x120.jpg 160w, https:\/\/face.unt.edu.ar\/web\/wp-content\/uploads\/2021\/09\/241214036_1961169514051900_6019118082981004058_n-265x198.jpg 265w, https:\/\/face.unt.edu.ar\/web\/wp-content\/uploads\/2021\/09\/241214036_1961169514051900_6019118082981004058_n-530x396.jpg 530w, https:\/\/face.unt.edu.ar\/web\/wp-content\/uploads\/2021\/09\/241214036_1961169514051900_6019118082981004058_n-696x522.jpg 696w, https:\/\/face.unt.edu.ar\/web\/wp-content\/uploads\/2021\/09\/241214036_1961169514051900_6019118082981004058_n-1392x1044.jpg 1392w, https:\/\/face.unt.edu.ar\/web\/wp-content\/uploads\/2021\/09\/241214036_1961169514051900_6019118082981004058_n-1068x801.jpg 1068w, https:\/\/face.unt.edu.ar\/web\/wp-content\/uploads\/2021\/09\/241214036_1961169514051900_6019118082981004058_n-560x420.jpg 560w, https:\/\/face.unt.edu.ar\/web\/wp-content\/uploads\/2021\/09\/241214036_1961169514051900_6019118082981004058_n-1120x840.jpg 1120w, https:\/\/face.unt.edu.ar\/web\/wp-content\/uploads\/2021\/09\/241214036_1961169514051900_6019118082981004058_n-1920x1440.jpg 1920w, https:\/\/face.unt.edu.ar\/web\/wp-content\/uploads\/2021\/09\/241214036_1961169514051900_6019118082981004058_n.jpg 2000w\" sizes=\"(max-width: 300px) 100vw, 300px\" \/> <img decoding=\"async\" loading=\"lazy\" class=\"alignnone size-medium wp-image-12269\" src=\"https:\/\/face.unt.edu.ar\/web\/wp-content\/uploads\/2021\/09\/241214557_1961169490718569_2293757393423290910_n-300x225.jpg\" alt=\"\" width=\"300\" height=\"225\" srcset=\"https:\/\/face.unt.edu.ar\/web\/wp-content\/uploads\/2021\/09\/241214557_1961169490718569_2293757393423290910_n-300x225.jpg 300w, https:\/\/face.unt.edu.ar\/web\/wp-content\/uploads\/2021\/09\/241214557_1961169490718569_2293757393423290910_n-1024x768.jpg 1024w, https:\/\/face.unt.edu.ar\/web\/wp-content\/uploads\/2021\/09\/241214557_1961169490718569_2293757393423290910_n-768x576.jpg 768w, https:\/\/face.unt.edu.ar\/web\/wp-content\/uploads\/2021\/09\/241214557_1961169490718569_2293757393423290910_n-1536x1152.jpg 1536w, https:\/\/face.unt.edu.ar\/web\/wp-content\/uploads\/2021\/09\/241214557_1961169490718569_2293757393423290910_n-80x60.jpg 80w, https:\/\/face.unt.edu.ar\/web\/wp-content\/uploads\/2021\/09\/241214557_1961169490718569_2293757393423290910_n-160x120.jpg 160w, https:\/\/face.unt.edu.ar\/web\/wp-content\/uploads\/2021\/09\/241214557_1961169490718569_2293757393423290910_n-265x198.jpg 265w, https:\/\/face.unt.edu.ar\/web\/wp-content\/uploads\/2021\/09\/241214557_1961169490718569_2293757393423290910_n-530x396.jpg 530w, https:\/\/face.unt.edu.ar\/web\/wp-content\/uploads\/2021\/09\/241214557_1961169490718569_2293757393423290910_n-696x522.jpg 696w, https:\/\/face.unt.edu.ar\/web\/wp-content\/uploads\/2021\/09\/241214557_1961169490718569_2293757393423290910_n-1392x1044.jpg 1392w, https:\/\/face.unt.edu.ar\/web\/wp-content\/uploads\/2021\/09\/241214557_1961169490718569_2293757393423290910_n-1068x801.jpg 1068w, https:\/\/face.unt.edu.ar\/web\/wp-content\/uploads\/2021\/09\/241214557_1961169490718569_2293757393423290910_n-560x420.jpg 560w, https:\/\/face.unt.edu.ar\/web\/wp-content\/uploads\/2021\/09\/241214557_1961169490718569_2293757393423290910_n-1120x840.jpg 1120w, https:\/\/face.unt.edu.ar\/web\/wp-content\/uploads\/2021\/09\/241214557_1961169490718569_2293757393423290910_n-1920x1440.jpg 1920w, https:\/\/face.unt.edu.ar\/web\/wp-content\/uploads\/2021\/09\/241214557_1961169490718569_2293757393423290910_n.jpg 2000w\" sizes=\"(max-width: 300px) 100vw, 300px\" \/><\/div>\n","protected":false},"excerpt":{"rendered":"<p>Aspirantes a estudiar en nuestra Facultad ya tuvieron su primera clase presencial. El Curso de Nivelaci\u00f3n inaugur\u00f3 sus clases con el m\u00f3dulo de Matem\u00e1tica. Esta actividad se realiza con el objetivo de lograr que los Apirantes refuercen o adquieran los conocimientos necesarios para facilitar el cursado del primer a\u00f1o de las carreras de Grado de [&hellip;]<\/p>\n","protected":false},"author":2,"featured_media":12270,"comment_status":"open","ping_status":"open","sticky":false,"template":"","format":"standard","meta":{"_et_pb_use_builder":"","_et_pb_old_content":"","_et_gb_content_width":"","footnotes":""},"categories":[4],"tags":[],"_links":{"self":[{"href":"https:\/\/face.unt.edu.ar\/web\/wp-json\/wp\/v2\/posts\/12267"}],"collection":[{"href":"https:\/\/face.unt.edu.ar\/web\/wp-json\/wp\/v2\/posts"}],"about":[{"href":"https:\/\/face.unt.edu.ar\/web\/wp-json\/wp\/v2\/types\/post"}],"author":[{"embeddable":true,"href":"https:\/\/face.unt.edu.ar\/web\/wp-json\/wp\/v2\/users\/2"}],"replies":[{"embeddable":true,"href":"https:\/\/face.unt.edu.ar\/web\/wp-json\/wp\/v2\/comments?post=12267"}],"version-history":[{"count":1,"href":"https:\/\/face.unt.edu.ar\/web\/wp-json\/wp\/v2\/posts\/12267\/revisions"}],"predecessor-version":[{"id":12271,"href":"https:\/\/face.unt.edu.ar\/web\/wp-json\/wp\/v2\/posts\/12267\/revisions\/12271"}],"wp:featuredmedia":[{"embeddable":true,"href":"https:\/\/face.unt.edu.ar\/web\/wp-json\/wp\/v2\/media\/12270"}],"wp:attachment":[{"href":"https:\/\/face.unt.edu.ar\/web\/wp-json\/wp\/v2\/media?parent=12267"}],"wp:term":[{"taxonomy":"category","embeddable":true,"href":"https:\/\/face.unt.edu.ar\/web\/wp-json\/wp\/v2\/categories?post=12267"},{"taxonomy":"post_tag","embeddable":true,"href":"https:\/\/face.unt.edu.ar\/web\/wp-json\/wp\/v2\/tags?post=12267"}],"curies":[{"name":"wp","href":"https:\/\/api.w.org\/{rel}","templated":true}]}}