{"id":12292,"date":"2021-09-09T13:26:27","date_gmt":"2021-09-09T13:26:27","guid":{"rendered":"https:\/\/face.unt.edu.ar\/web\/?p=12292"},"modified":"2021-09-09T13:26:27","modified_gmt":"2021-09-09T13:26:27","slug":"se-realizan-las-54-jornadas-internacionales-de-finanzas-publicas","status":"publish","type":"post","link":"https:\/\/face.unt.edu.ar\/web\/blog\/se-realizan-las-54-jornadas-internacionales-de-finanzas-publicas\/","title":{"rendered":"Se realizan las 54 Jornadas Internacionales de Finanzas P\u00fablicas"},"content":{"rendered":"<p>Las\u00a0<strong>54 Jornadas Internacionales de Finanzas P\u00fablicas\u00a0<\/strong><strong>(JIFP)<\/strong>\u00a0\u00a0se llevar\u00e1n a cabo del 21 al 24 de Septiembre de 2021. Se realizar\u00e1n con modalidad virtual, organizadas por la Facultad de Ciencias Econ\u00f3micas de la Universidad Nacional de C\u00f3rdoba.<\/p>\n<p>La apertura del encuentro estar\u00e1 a cargo del\u00a0<strong><a href=\"http:\/\/lstfce.eco.unc.edu.ar\/lists\/lt.php?tid=fB1UBwQGAQwCVhRWAlRTGA0BBgkeU1QAVxlUVVZSCAZSV1EAVwceAFVTD1VXUlQYDFwAVR4GUwRSGVoNXAUVB1VTU1dUUQQFUlEJHwdRVQwMDAIGHgFQUwIZVwMBBRVTUgQCGVdXVwQHVA9RVQIABQ\" target=\"_blank\" rel=\"noopener\" data-saferedirecturl=\"https:\/\/www.google.com\/url?q=http:\/\/lstfce.eco.unc.edu.ar\/lists\/lt.php?tid%3DfB1UBwQGAQwCVhRWAlRTGA0BBgkeU1QAVxlUVVZSCAZSV1EAVwceAFVTD1VXUlQYDFwAVR4GUwRSGVoNXAUVB1VTU1dUUQQFUlEJHwdRVQwMDAIGHgFQUwIZVwMBBRVTUgQCGVdXVwQHVA9RVQIABQ&amp;source=gmail&amp;ust=1631279083876000&amp;usg=AFQjCNH7ASdaVkrx0-auuYgg_2dITHR-Lg\">Dr. Jos\u00e9 Antonio Ocampo<\/a><\/strong>, profesor de la Universidad de Columbia (Estados Unidos).<\/p>\n<p>El cierre de las Jornadas estar\u00e1 a cargo de la\u00a0<strong><a href=\"http:\/\/lstfce.eco.unc.edu.ar\/lists\/lt.php?tid=fB0DVQNRAAJSAhQBAVBXGA0IDwIeC1UHBRlUA1JQWwYBVgRWB1AeAFVTD1VXUlQYDFwAVR4GUwRSGVoNXAUVB1VTU1dUUQQFUlEJHwdRVQwMDAIGHgFQUwIZVwMBBRVTUgQCGVdXVwQHVA9RVQIABQ\" target=\"_blank\" rel=\"noopener\" data-saferedirecturl=\"https:\/\/www.google.com\/url?q=http:\/\/lstfce.eco.unc.edu.ar\/lists\/lt.php?tid%3DfB0DVQNRAAJSAhQBAVBXGA0IDwIeC1UHBRlUA1JQWwYBVgRWB1AeAFVTD1VXUlQYDFwAVR4GUwRSGVoNXAUVB1VTU1dUUQQFUlEJHwdRVQwMDAIGHgFQUwIZVwMBBRVTUgQCGVdXVwQHVA9RVQIABQ&amp;source=gmail&amp;ust=1631279083876000&amp;usg=AFQjCNHNlow49Z6PYO8VnykY0xeSNwS2-Q\">Dra. Silvana Tenreyro<\/a><\/strong><strong>,<\/strong>\u00a0profesora de Econom\u00eda en la London School of Economics (LSE) e integrante externa del Comit\u00e9 de Pol\u00edtica Monetaria del Banco de Inglaterra, graduada de la Licenciatura en Econom\u00eda de nuestra Facultad.<\/p>\n<p>Adem\u00e1s,\u00a0Docentes\u00a0de nuestra unidad acad\u00e9mica participar\u00e1n el 21 de Septiembre como expositores, presentando sus trabajos de investigaci\u00f3n.\u00a0En este caso la exposici\u00f3n se realizar\u00e1 de manera simult\u00e1nea en distintas salas.<\/p>\n<p>Por un\u00a0 lado, la Dra.\u00a0<strong>Mar\u00eda Jos\u00e9 Catal\u00e1n<\/strong>\u00a0y\u00a0el Mg.\u00a0<strong>Juan Jos\u00e9 Merlo<\/strong>\u00a0presentar\u00e1n \u201cTransferencias intergubernamentales como mecanismos para lograr contraciclicidad del gasto p\u00fablico provincial\u201d.<\/p>\n<p>Por otro lado,\u00a0el Mg.\u00a0<strong>Jos\u00e9 Bercoff\u00a0<\/strong>y\u00a0<strong>Dr<\/strong>.\u00a0<strong>Osvaldo Meloni\u00a0<\/strong>\u00a0expondr\u00e1n sobre \u201cLooking inside the ballot box.\u00a0Gender gaps in presidential elections. Insights from the argentine experience\u201d.<\/p>\n<p>&nbsp;<\/p>\n<p><strong><a href=\"https:\/\/drive.google.com\/file\/d\/1XIGe_qoD_lDsIZ0A3FFMyZesGTQ50Z8U\/view?usp=sharing\" target=\"_blank\" rel=\"noopener\">Ver programa 54 JIFP \u2013 Clic aqu\u00ed<\/a><\/strong><\/p>\n<p>&nbsp;<\/p>\n<p>M\u00e1s informaci\u00f3n, en la web\u00a0<strong><a href=\"http:\/\/lstfce.eco.unc.edu.ar\/lists\/lt.php?tid=fB0EVgRUUgMPAhRRDlFaGA0PAgIeUAZVABlRBQAHCQgHBAECUwAeAFVTD1VXUlQYDFwAVR4GUwRSGVoNXAUVB1VTU1dUUQQFUlEJHwdRVQwMDAIGHgFQUwIZVwMBBRVTUgQCGVdXVwQHVA9RVQIABQ\" target=\"_blank\" rel=\"noopener\" data-saferedirecturl=\"https:\/\/www.google.com\/url?q=http:\/\/lstfce.eco.unc.edu.ar\/lists\/lt.php?tid%3DfB0EVgRUUgMPAhRRDlFaGA0PAgIeUAZVABlRBQAHCQgHBAECUwAeAFVTD1VXUlQYDFwAVR4GUwRSGVoNXAUVB1VTU1dUUQQFUlEJHwdRVQwMDAIGHgFQUwIZVwMBBRVTUgQCGVdXVwQHVA9RVQIABQ&amp;source=gmail&amp;ust=1631279083876000&amp;usg=AFQjCNF-m7C06M7y810k4XI8lKg857zOnw\">www.jifp.eco.unc.edu.ar<\/a>.<\/strong><\/p>\n<p>Contacto:\u00a0<strong><a href=\"mailto:jornadasdefinanzas@eco.uncor.edu\">jornadasdefinanzas@eco.uncor.edu<\/a>\u00a0<\/strong>.<\/p>\n","protected":false},"excerpt":{"rendered":"<p>Las\u00a054 Jornadas Internacionales de Finanzas P\u00fablicas\u00a0(JIFP)\u00a0\u00a0se llevar\u00e1n a cabo del 21 al 24 de Septiembre de 2021. Se realizar\u00e1n con modalidad virtual, organizadas por la Facultad de Ciencias Econ\u00f3micas de la Universidad Nacional de C\u00f3rdoba. La apertura del encuentro estar\u00e1 a cargo del\u00a0Dr. Jos\u00e9 Antonio Ocampo, profesor de la Universidad de Columbia (Estados Unidos). El [&hellip;]<\/p>\n","protected":false},"author":2,"featured_media":12293,"comment_status":"open","ping_status":"open","sticky":false,"template":"","format":"standard","meta":{"_et_pb_use_builder":"","_et_pb_old_content":"","_et_gb_content_width":"","footnotes":""},"categories":[4],"tags":[],"_links":{"self":[{"href":"https:\/\/face.unt.edu.ar\/web\/wp-json\/wp\/v2\/posts\/12292"}],"collection":[{"href":"https:\/\/face.unt.edu.ar\/web\/wp-json\/wp\/v2\/posts"}],"about":[{"href":"https:\/\/face.unt.edu.ar\/web\/wp-json\/wp\/v2\/types\/post"}],"author":[{"embeddable":true,"href":"https:\/\/face.unt.edu.ar\/web\/wp-json\/wp\/v2\/users\/2"}],"replies":[{"embeddable":true,"href":"https:\/\/face.unt.edu.ar\/web\/wp-json\/wp\/v2\/comments?post=12292"}],"version-history":[{"count":1,"href":"https:\/\/face.unt.edu.ar\/web\/wp-json\/wp\/v2\/posts\/12292\/revisions"}],"predecessor-version":[{"id":12294,"href":"https:\/\/face.unt.edu.ar\/web\/wp-json\/wp\/v2\/posts\/12292\/revisions\/12294"}],"wp:featuredmedia":[{"embeddable":true,"href":"https:\/\/face.unt.edu.ar\/web\/wp-json\/wp\/v2\/media\/12293"}],"wp:attachment":[{"href":"https:\/\/face.unt.edu.ar\/web\/wp-json\/wp\/v2\/media?parent=12292"}],"wp:term":[{"taxonomy":"category","embeddable":true,"href":"https:\/\/face.unt.edu.ar\/web\/wp-json\/wp\/v2\/categories?post=12292"},{"taxonomy":"post_tag","embeddable":true,"href":"https:\/\/face.unt.edu.ar\/web\/wp-json\/wp\/v2\/tags?post=12292"}],"curies":[{"name":"wp","href":"https:\/\/api.w.org\/{rel}","templated":true}]}}