{"id":12359,"date":"2021-09-13T14:57:01","date_gmt":"2021-09-13T14:57:01","guid":{"rendered":"https:\/\/face.unt.edu.ar\/web\/?p=12359"},"modified":"2021-09-13T14:57:01","modified_gmt":"2021-09-13T14:57:01","slug":"ciencias-economicas-vuelve-hoy-a-las-aulas-publicacion-en-la-gaceta","status":"publish","type":"post","link":"https:\/\/face.unt.edu.ar\/web\/blog\/ciencias-economicas-vuelve-hoy-a-las-aulas-publicacion-en-la-gaceta\/","title":{"rendered":"Ciencias Econ\u00f3micas vuelve hoy a las aulas &#8211; Publicaci\u00f3n en La Gaceta"},"content":{"rendered":"<div>La facultad inicia el segundo cuatrimestre con un sistema dual de cursado en las materias pr\u00e1cticas. Alumnos y docentes podr\u00e1n optar. Te\u00f3ricas ser\u00e1n virtuales.<b><br \/>\n<\/b><\/div>\n<div><\/div>\n<div>En conversaci\u00f3n con LA GACETA, el decano de la<strong> FACE<\/strong>, <strong>Jos\u00e9 Luis Jim\u00e9nez<\/strong>, explica c\u00f3mo se organiza la facultad para esta etapa in\u00e9dita.<\/div>\n<div><\/div>\n<div><strong><a href=\"https:\/\/www.lagaceta.com.ar\/nota\/905795\/actualidad\/ciencias-economicas-vuelve-hoy-aulas.html?fbclid=IwAR1_DKCJcHRzEL8WGFwY1ebRA-AWX1HeMrZ8TCDdmG9mSQ8Q-1YxsOOjcqo\" target=\"_blank\" rel=\"noopener\">Ver entrevista completa haciendo clic aqu\u00ed<\/a><\/strong><\/div>\n<div><\/div>\n","protected":false},"excerpt":{"rendered":"<p>La facultad inicia el segundo cuatrimestre con un sistema dual de cursado en las materias pr\u00e1cticas. Alumnos y docentes podr\u00e1n optar. Te\u00f3ricas ser\u00e1n virtuales. En conversaci\u00f3n con LA GACETA, el decano de la FACE, Jos\u00e9 Luis Jim\u00e9nez, explica c\u00f3mo se organiza la facultad para esta etapa in\u00e9dita. Ver entrevista completa haciendo clic aqu\u00ed<\/p>\n","protected":false},"author":123457,"featured_media":12361,"comment_status":"open","ping_status":"open","sticky":false,"template":"","format":"standard","meta":{"_et_pb_use_builder":"","_et_pb_old_content":"","_et_gb_content_width":"","footnotes":""},"categories":[11],"tags":[806,822,386,444],"_links":{"self":[{"href":"https:\/\/face.unt.edu.ar\/web\/wp-json\/wp\/v2\/posts\/12359"}],"collection":[{"href":"https:\/\/face.unt.edu.ar\/web\/wp-json\/wp\/v2\/posts"}],"about":[{"href":"https:\/\/face.unt.edu.ar\/web\/wp-json\/wp\/v2\/types\/post"}],"author":[{"embeddable":true,"href":"https:\/\/face.unt.edu.ar\/web\/wp-json\/wp\/v2\/users\/123457"}],"replies":[{"embeddable":true,"href":"https:\/\/face.unt.edu.ar\/web\/wp-json\/wp\/v2\/comments?post=12359"}],"version-history":[{"count":2,"href":"https:\/\/face.unt.edu.ar\/web\/wp-json\/wp\/v2\/posts\/12359\/revisions"}],"predecessor-version":[{"id":12362,"href":"https:\/\/face.unt.edu.ar\/web\/wp-json\/wp\/v2\/posts\/12359\/revisions\/12362"}],"wp:featuredmedia":[{"embeddable":true,"href":"https:\/\/face.unt.edu.ar\/web\/wp-json\/wp\/v2\/media\/12361"}],"wp:attachment":[{"href":"https:\/\/face.unt.edu.ar\/web\/wp-json\/wp\/v2\/media?parent=12359"}],"wp:term":[{"taxonomy":"category","embeddable":true,"href":"https:\/\/face.unt.edu.ar\/web\/wp-json\/wp\/v2\/categories?post=12359"},{"taxonomy":"post_tag","embeddable":true,"href":"https:\/\/face.unt.edu.ar\/web\/wp-json\/wp\/v2\/tags?post=12359"}],"curies":[{"name":"wp","href":"https:\/\/api.w.org\/{rel}","templated":true}]}}