{"id":12389,"date":"2021-09-20T12:43:13","date_gmt":"2021-09-20T12:43:13","guid":{"rendered":"https:\/\/face.unt.edu.ar\/web\/?p=12389"},"modified":"2021-09-20T12:43:13","modified_gmt":"2021-09-20T12:43:13","slug":"el-lapde-se-presento-oficialmente-ante-la-comunidad-universitaria","status":"publish","type":"post","link":"https:\/\/face.unt.edu.ar\/web\/blog\/el-lapde-se-presento-oficialmente-ante-la-comunidad-universitaria\/","title":{"rendered":"El LAPDE se present\u00f3 oficialmente ante la comunidad universitaria"},"content":{"rendered":"<p>Con\u00a0<strong>gran \u00e9xito<\/strong>\u00a0se realiz\u00f3 el\u00a0<strong>lanzamiento oficial del Laboratorio de Pol\u00edticas P\u00fablicas para el Desarrollo Equitativo de nuestra Facultad<\/strong>.<\/p>\n<p>Tuvo modalidad virtual y cont\u00f3 con la presencia de destacados economistas, entre ellos, el Ministro de Econom\u00eda de la Naci\u00f3n,\u00a0<strong>Dr. Mart\u00edn\u00a0Guzm\u00e1n<\/strong>; el\u00a0<strong>Dr. Daniel Heyman<\/strong>, docente e investigador de la UBA; el\u00a0<strong>Dr. Leonardo Gasparni<\/strong>, director del Centro de Estudios Distributivos, Laborales y Sociales (CEDLAS)\u00a0y la\u00a0<strong>Lic. Paula Szenkman<\/strong>, directora de Desarrollo Econ\u00f3mico de CIPPEC.<\/p>\n<p>El acto dio inicio con el mensaje del\u00a0<strong>Ministro Mart\u00edn Guzm\u00e1n<\/strong>, quien felicit\u00f3 a las autoridades de nuestra Facultad y a los integrantes del Laboratorio por esta iniciativa. Remarc\u00f3 la importancia de construir espacios en los que se generan conocimientos y la<strong>\u00a0relevancia que tiene la creaci\u00f3n de este Laboratorio, tanto para la Facultad de Ciencias Econ\u00f3micas de la UNT, \u00a0como para toda la provincia y la regi\u00f3n<\/strong>, considerando el car\u00e1cter trascendental de las tem\u00e1ticas que aborda.<\/p>\n<p><img decoding=\"async\" loading=\"lazy\" class=\" wp-image-12390 aligncenter\" src=\"https:\/\/face.unt.edu.ar\/web\/wp-content\/uploads\/2021\/09\/241860514_1967333560102162_8572630130933850808_n-300x188.png\" alt=\"\" width=\"423\" height=\"265\" srcset=\"https:\/\/face.unt.edu.ar\/web\/wp-content\/uploads\/2021\/09\/241860514_1967333560102162_8572630130933850808_n-300x188.png 300w, https:\/\/face.unt.edu.ar\/web\/wp-content\/uploads\/2021\/09\/241860514_1967333560102162_8572630130933850808_n.png 615w\" sizes=\"(max-width: 423px) 100vw, 423px\" \/><\/p>\n<p>&nbsp;<\/p>\n<p>Por su parte, el\u00a0<strong>Decano de la Facultad, Mg. Jos\u00e9 Luis Jim\u00e9nez<\/strong>, dio la bienvenida agradeciendo la presencia de cada uno de los invitados. En su alocuci\u00f3n, se refiri\u00f3\u00a0al rol fundamental de la Universidad en la sociedad, \u201cque debe ofrecer los marcos que permitan contribuir a dise\u00f1ar pol\u00edticas p\u00fablicas que ayuden a mejorar la calidad de vida\u201d. Tambi\u00e9n agreg\u00f3 que \u201c<strong>el trabajo mancomunado entre Universidad P\u00fablica y Estado, es imprescindible para tener un futuro de esperanza<\/strong>\u00a0y nuestra Facultad, siempre estar\u00e1 dispuesta a poner sus conocimientos al servicio de la sociedad, en esta ocasi\u00f3n a trav\u00e9s del Laboratorio de Pol\u00edticas P\u00fablicas.\u201d<\/p>\n<p><img decoding=\"async\" loading=\"lazy\" class=\" wp-image-12391 aligncenter\" src=\"https:\/\/face.unt.edu.ar\/web\/wp-content\/uploads\/2021\/09\/241886533_1967333383435513_2680054812994861836_n-300x168.png\" alt=\"\" width=\"435\" height=\"244\" srcset=\"https:\/\/face.unt.edu.ar\/web\/wp-content\/uploads\/2021\/09\/241886533_1967333383435513_2680054812994861836_n-300x168.png 300w, https:\/\/face.unt.edu.ar\/web\/wp-content\/uploads\/2021\/09\/241886533_1967333383435513_2680054812994861836_n-768x430.png 768w, https:\/\/face.unt.edu.ar\/web\/wp-content\/uploads\/2021\/09\/241886533_1967333383435513_2680054812994861836_n-696x390.png 696w, https:\/\/face.unt.edu.ar\/web\/wp-content\/uploads\/2021\/09\/241886533_1967333383435513_2680054812994861836_n-750x420.png 750w, https:\/\/face.unt.edu.ar\/web\/wp-content\/uploads\/2021\/09\/241886533_1967333383435513_2680054812994861836_n.png 855w\" sizes=\"(max-width: 435px) 100vw, 435px\" \/><\/p>\n<p>Al momento de expresar su opini\u00f3n, el Dr. Daniel Heyman se\u00f1al\u00f3 que \u00abel clima que tiene este lanzamiento enmarca la mezcla de entusiasmo y vocaci\u00f3n por la\u00a0<strong>investigaci\u00f3n seria y pensada<\/strong>\u201d. Indic\u00f3 adem\u00e1s, que \u201cse nota una conciencia de los destinos que tiene la investigaci\u00f3n y las formas en que esta investigaci\u00f3n va a ser producida\u201d.<\/p>\n<p><img decoding=\"async\" loading=\"lazy\" class=\" wp-image-12393 aligncenter\" src=\"https:\/\/face.unt.edu.ar\/web\/wp-content\/uploads\/2021\/09\/241859904_1967333910102127_323650902964308614_n-300x168.png\" alt=\"\" width=\"432\" height=\"241\" srcset=\"https:\/\/face.unt.edu.ar\/web\/wp-content\/uploads\/2021\/09\/241859904_1967333910102127_323650902964308614_n-300x168.png 300w, https:\/\/face.unt.edu.ar\/web\/wp-content\/uploads\/2021\/09\/241859904_1967333910102127_323650902964308614_n-768x430.png 768w, https:\/\/face.unt.edu.ar\/web\/wp-content\/uploads\/2021\/09\/241859904_1967333910102127_323650902964308614_n-696x390.png 696w, https:\/\/face.unt.edu.ar\/web\/wp-content\/uploads\/2021\/09\/241859904_1967333910102127_323650902964308614_n-749x420.png 749w, https:\/\/face.unt.edu.ar\/web\/wp-content\/uploads\/2021\/09\/241859904_1967333910102127_323650902964308614_n.png 851w\" sizes=\"(max-width: 432px) 100vw, 432px\" \/><\/p>\n<p>&nbsp;<\/p>\n<p>Por otro lado,\u00a0el Dr. Leonardo Gasparni brind\u00f3 cuatro motivos por los que considera de gran valor esta iniciativa: \u201cen primer lugar, el grupo de personas que lo componen, que se encuentran en\u00a0<strong>una de las mejores universidades y departamento de econom\u00eda del pa\u00eds<\/strong>, con nombres ilustres. En segundo lugar, por los temas y enfoque que han elegido. Temas donde confluyen por un lado, la relevancia pol\u00edtica con la relevancia acad\u00e9mica, con posibilidades de publicaci\u00f3n. Tercero, por \u00a0el \u00e1mbito geogr\u00e1fico en el que se va a efectuar,\u00a0destinado a abordar problem\u00e1ticas del NOA, \u00a0problem\u00e1ticas locales. Y por \u00faltimo, \u00a0por la decisi\u00f3n de juntarse a investigar estos temas en el marco de un espacio concreto como lo es un laboratorio\u201d.<\/p>\n<p><img decoding=\"async\" loading=\"lazy\" class=\" wp-image-12392 aligncenter\" src=\"https:\/\/face.unt.edu.ar\/web\/wp-content\/uploads\/2021\/09\/242134457_1967333516768833_802790623775097125_n-300x167.png\" alt=\"\" width=\"431\" height=\"240\" srcset=\"https:\/\/face.unt.edu.ar\/web\/wp-content\/uploads\/2021\/09\/242134457_1967333516768833_802790623775097125_n-300x167.png 300w, https:\/\/face.unt.edu.ar\/web\/wp-content\/uploads\/2021\/09\/242134457_1967333516768833_802790623775097125_n-768x428.png 768w, https:\/\/face.unt.edu.ar\/web\/wp-content\/uploads\/2021\/09\/242134457_1967333516768833_802790623775097125_n-696x388.png 696w, https:\/\/face.unt.edu.ar\/web\/wp-content\/uploads\/2021\/09\/242134457_1967333516768833_802790623775097125_n-754x420.png 754w, https:\/\/face.unt.edu.ar\/web\/wp-content\/uploads\/2021\/09\/242134457_1967333516768833_802790623775097125_n.png 849w\" sizes=\"(max-width: 431px) 100vw, 431px\" \/><\/p>\n<p>La Lic. Paula Szenkman, hizo hincapi\u00e9 en la\u00a0<strong>importancia de que se sumen nuevas miradas y\u00a0nuevas voces al debate sobre pol\u00edticas p\u00fablicas<\/strong>\u00a0para el desarrollo econ\u00f3mico, \u201ces algo que alimenta y fortalece el trabajo de todos los que estamos trabajando en esta tem\u00e1tica\u201d, se\u00f1al\u00f3.\u00a0 Se refiri\u00f3 tambi\u00e9n al Laboratorio, como creadores de capital humano, de talento, y luego, a la posibilidad de \u00a0tomar decisiones en la agenda p\u00fablica.<\/p>\n<p><img decoding=\"async\" loading=\"lazy\" class=\" wp-image-12394 aligncenter\" src=\"https:\/\/face.unt.edu.ar\/web\/wp-content\/uploads\/2021\/09\/241950379_1967333580102160_5138530480414529634_n-300x169.png\" alt=\"\" width=\"447\" height=\"252\" srcset=\"https:\/\/face.unt.edu.ar\/web\/wp-content\/uploads\/2021\/09\/241950379_1967333580102160_5138530480414529634_n-300x169.png 300w, https:\/\/face.unt.edu.ar\/web\/wp-content\/uploads\/2021\/09\/241950379_1967333580102160_5138530480414529634_n-768x432.png 768w, https:\/\/face.unt.edu.ar\/web\/wp-content\/uploads\/2021\/09\/241950379_1967333580102160_5138530480414529634_n-696x392.png 696w, https:\/\/face.unt.edu.ar\/web\/wp-content\/uploads\/2021\/09\/241950379_1967333580102160_5138530480414529634_n-746x420.png 746w, https:\/\/face.unt.edu.ar\/web\/wp-content\/uploads\/2021\/09\/241950379_1967333580102160_5138530480414529634_n.png 853w\" sizes=\"(max-width: 447px) 100vw, 447px\" \/><\/p>\n<p>Durante la conferencia, los directores del LAPDE brindaron detalles de las distintas \u00e1reas que lo conforman: la Directora Ejecutiva,\u00a0<strong>Lic. Florencia Correa Deza<\/strong>, se refiri\u00f3 a los objetivos del mismo, que se corresponden con la finalidad de la UNT planteada su pre\u00e1mbulo: \u201cconservar, acrecentar y transmitir el conocimiento por medio de la investigaci\u00f3n cient\u00edfica, orientando sus actividades atenta a los problemas nacionales y regionales\u201d. Manifest\u00f3 que el LAPDE busca dirigir esfuerzos en esa l\u00ednea.<\/p>\n<p>El Director Acad\u00e9mico,\u00a0<strong>M. SC. Alejandro Dan\u00f3n<\/strong>\u00a0destac\u00f3 la importancia de la interacci\u00f3n entre la Universidad, la Academia y los hacedores de pol\u00edticas p\u00fablicas, con el fin de mejorar los indicadores de desarrollo de la regi\u00f3n. Mencion\u00f3 tambi\u00e9n, las investigaciones realizadas hasta el momento y \u00a0los trabajos efectuados de manera articulada con diversas instituciones\u00a0relacionadas a la tem\u00e1tica.<\/p>\n<p>El Director de Contenidos,\u00a0<strong>Lic. Sebasti\u00e1n Mena<\/strong>, remarc\u00f3 la intenci\u00f3n de lograr que toda la informaci\u00f3n, las publicaciones y los contenidos producidos por el Laboratorio, sean de acceso p\u00fablico.<\/p>\n<p>&nbsp;<\/p>\n","protected":false},"excerpt":{"rendered":"<p>Con\u00a0gran \u00e9xito\u00a0se realiz\u00f3 el\u00a0lanzamiento oficial del Laboratorio de Pol\u00edticas P\u00fablicas para el Desarrollo Equitativo de nuestra Facultad. Tuvo modalidad virtual y cont\u00f3 con la presencia de destacados economistas, entre ellos, el Ministro de Econom\u00eda de la Naci\u00f3n,\u00a0Dr. Mart\u00edn\u00a0Guzm\u00e1n; el\u00a0Dr. Daniel Heyman, docente e investigador de la UBA; el\u00a0Dr. Leonardo Gasparni, director del Centro de Estudios [&hellip;]<\/p>\n","protected":false},"author":2,"featured_media":12395,"comment_status":"open","ping_status":"open","sticky":false,"template":"","format":"standard","meta":{"_et_pb_use_builder":"","_et_pb_old_content":"","_et_gb_content_width":"","footnotes":""},"categories":[4],"tags":[430,817,500],"_links":{"self":[{"href":"https:\/\/face.unt.edu.ar\/web\/wp-json\/wp\/v2\/posts\/12389"}],"collection":[{"href":"https:\/\/face.unt.edu.ar\/web\/wp-json\/wp\/v2\/posts"}],"about":[{"href":"https:\/\/face.unt.edu.ar\/web\/wp-json\/wp\/v2\/types\/post"}],"author":[{"embeddable":true,"href":"https:\/\/face.unt.edu.ar\/web\/wp-json\/wp\/v2\/users\/2"}],"replies":[{"embeddable":true,"href":"https:\/\/face.unt.edu.ar\/web\/wp-json\/wp\/v2\/comments?post=12389"}],"version-history":[{"count":1,"href":"https:\/\/face.unt.edu.ar\/web\/wp-json\/wp\/v2\/posts\/12389\/revisions"}],"predecessor-version":[{"id":12396,"href":"https:\/\/face.unt.edu.ar\/web\/wp-json\/wp\/v2\/posts\/12389\/revisions\/12396"}],"wp:featuredmedia":[{"embeddable":true,"href":"https:\/\/face.unt.edu.ar\/web\/wp-json\/wp\/v2\/media\/12395"}],"wp:attachment":[{"href":"https:\/\/face.unt.edu.ar\/web\/wp-json\/wp\/v2\/media?parent=12389"}],"wp:term":[{"taxonomy":"category","embeddable":true,"href":"https:\/\/face.unt.edu.ar\/web\/wp-json\/wp\/v2\/categories?post=12389"},{"taxonomy":"post_tag","embeddable":true,"href":"https:\/\/face.unt.edu.ar\/web\/wp-json\/wp\/v2\/tags?post=12389"}],"curies":[{"name":"wp","href":"https:\/\/api.w.org\/{rel}","templated":true}]}}