{"id":12476,"date":"2021-09-27T12:09:19","date_gmt":"2021-09-27T12:09:19","guid":{"rendered":"https:\/\/face.unt.edu.ar\/web\/?p=12476"},"modified":"2021-09-27T12:14:17","modified_gmt":"2021-09-27T12:14:17","slug":"con-un-balance-positivo-culmino-el-encuentro-de-decanos-de-la-redface","status":"publish","type":"post","link":"https:\/\/face.unt.edu.ar\/web\/blog\/con-un-balance-positivo-culmino-el-encuentro-de-decanos-de-la-redface\/","title":{"rendered":"Con un balance positivo culmin\u00f3 el Encuentro de Decanos de la REDFACE"},"content":{"rendered":"<div dir=\"auto\">En el marco del <strong>Encuentro de Decanos de la REDFACE<\/strong> tuvo lugar la visita de funcionarios del <strong>Ministerio de Gobierno y Justicia de la Provincia de Tucum\u00e1n<\/strong>, quienes brindaron una charla a cargo del Secretario de Asistencia Legal y T\u00e9cnica del Ministerio, <strong>Dr. Agust\u00edn Barrera Palou<\/strong>, y el Director de la <strong>Escuela de Gobierno de la Provincia<\/strong>, <strong>Esp. Jos\u00e9 Mar\u00eda Rogero<\/strong>, quienes comentaron sobre las distintas actividades que se vienen realizando de forma conjunta entre dicho Ministerio, la Escuela de Gobierno y la Facultad de Ciencias Econ\u00f3micas de la UNT, con el objetivo de reforzar los v\u00ednculos y el trabajo mancomunado entre Universidad y Estado en beneficio de la sociedad en general.<\/div>\n<div>\n<div dir=\"auto\"><\/div>\n<div dir=\"auto\">En la oportunidad, las autoridades de las dem\u00e1s Facultades que participaron del encuentro, tambi\u00e9n comentaron sus experiencias en cuanto a la relaci\u00f3n y al trabajo conjunto con el Estado en cada una de sus provincias.<\/div>\n<\/div>\n<div dir=\"auto\"><\/div>\n<div dir=\"auto\"><img decoding=\"async\" loading=\"lazy\" class=\"alignnone size-medium wp-image-12481\" src=\"https:\/\/face.unt.edu.ar\/web\/wp-content\/uploads\/2021\/09\/redface-3-face-unt-300x225.jpg\" alt=\"\" width=\"300\" height=\"225\" srcset=\"https:\/\/face.unt.edu.ar\/web\/wp-content\/uploads\/2021\/09\/redface-3-face-unt-300x225.jpg 300w, https:\/\/face.unt.edu.ar\/web\/wp-content\/uploads\/2021\/09\/redface-3-face-unt-1024x768.jpg 1024w, https:\/\/face.unt.edu.ar\/web\/wp-content\/uploads\/2021\/09\/redface-3-face-unt-768x576.jpg 768w, https:\/\/face.unt.edu.ar\/web\/wp-content\/uploads\/2021\/09\/redface-3-face-unt-1536x1152.jpg 1536w, https:\/\/face.unt.edu.ar\/web\/wp-content\/uploads\/2021\/09\/redface-3-face-unt-80x60.jpg 80w, https:\/\/face.unt.edu.ar\/web\/wp-content\/uploads\/2021\/09\/redface-3-face-unt-160x120.jpg 160w, https:\/\/face.unt.edu.ar\/web\/wp-content\/uploads\/2021\/09\/redface-3-face-unt-265x198.jpg 265w, https:\/\/face.unt.edu.ar\/web\/wp-content\/uploads\/2021\/09\/redface-3-face-unt-530x396.jpg 530w, https:\/\/face.unt.edu.ar\/web\/wp-content\/uploads\/2021\/09\/redface-3-face-unt-696x522.jpg 696w, https:\/\/face.unt.edu.ar\/web\/wp-content\/uploads\/2021\/09\/redface-3-face-unt-1392x1044.jpg 1392w, https:\/\/face.unt.edu.ar\/web\/wp-content\/uploads\/2021\/09\/redface-3-face-unt-1068x801.jpg 1068w, https:\/\/face.unt.edu.ar\/web\/wp-content\/uploads\/2021\/09\/redface-3-face-unt-560x420.jpg 560w, https:\/\/face.unt.edu.ar\/web\/wp-content\/uploads\/2021\/09\/redface-3-face-unt-1120x840.jpg 1120w, https:\/\/face.unt.edu.ar\/web\/wp-content\/uploads\/2021\/09\/redface-3-face-unt-1920x1440.jpg 1920w, https:\/\/face.unt.edu.ar\/web\/wp-content\/uploads\/2021\/09\/redface-3-face-unt.jpg 2000w\" sizes=\"(max-width: 300px) 100vw, 300px\" \/> <img decoding=\"async\" loading=\"lazy\" class=\"alignnone size-medium wp-image-12482\" src=\"https:\/\/face.unt.edu.ar\/web\/wp-content\/uploads\/2021\/09\/redface-4-face-unt-300x225.jpg\" alt=\"\" width=\"300\" height=\"225\" srcset=\"https:\/\/face.unt.edu.ar\/web\/wp-content\/uploads\/2021\/09\/redface-4-face-unt-300x225.jpg 300w, https:\/\/face.unt.edu.ar\/web\/wp-content\/uploads\/2021\/09\/redface-4-face-unt-1024x768.jpg 1024w, https:\/\/face.unt.edu.ar\/web\/wp-content\/uploads\/2021\/09\/redface-4-face-unt-768x576.jpg 768w, https:\/\/face.unt.edu.ar\/web\/wp-content\/uploads\/2021\/09\/redface-4-face-unt-1536x1152.jpg 1536w, https:\/\/face.unt.edu.ar\/web\/wp-content\/uploads\/2021\/09\/redface-4-face-unt-80x60.jpg 80w, https:\/\/face.unt.edu.ar\/web\/wp-content\/uploads\/2021\/09\/redface-4-face-unt-160x120.jpg 160w, https:\/\/face.unt.edu.ar\/web\/wp-content\/uploads\/2021\/09\/redface-4-face-unt-265x198.jpg 265w, https:\/\/face.unt.edu.ar\/web\/wp-content\/uploads\/2021\/09\/redface-4-face-unt-530x396.jpg 530w, https:\/\/face.unt.edu.ar\/web\/wp-content\/uploads\/2021\/09\/redface-4-face-unt-696x522.jpg 696w, https:\/\/face.unt.edu.ar\/web\/wp-content\/uploads\/2021\/09\/redface-4-face-unt-1392x1044.jpg 1392w, https:\/\/face.unt.edu.ar\/web\/wp-content\/uploads\/2021\/09\/redface-4-face-unt-1068x801.jpg 1068w, https:\/\/face.unt.edu.ar\/web\/wp-content\/uploads\/2021\/09\/redface-4-face-unt-560x420.jpg 560w, https:\/\/face.unt.edu.ar\/web\/wp-content\/uploads\/2021\/09\/redface-4-face-unt-1120x840.jpg 1120w, https:\/\/face.unt.edu.ar\/web\/wp-content\/uploads\/2021\/09\/redface-4-face-unt-1920x1440.jpg 1920w, https:\/\/face.unt.edu.ar\/web\/wp-content\/uploads\/2021\/09\/redface-4-face-unt.jpg 2000w\" sizes=\"(max-width: 300px) 100vw, 300px\" \/><\/div>\n<div class=\"o9v6fnle cxmmr5t8 oygrvhab hcukyx3x c1et5uql ii04i59q\">\n<div dir=\"auto\"><\/div>\n<\/div>\n<div>\n<div dir=\"auto\"><\/div>\n<div dir=\"auto\">Por su parte, el Decano de nuestra Facultad, <strong>Mg, jos\u00e9 Luis Jim\u00e9nez<\/strong>, agradeci\u00f3 a los presentes y resalt\u00f3 la importancia de participar en la generaci\u00f3n de pol\u00edticas p\u00fablicas. \u201cLa Universidad debe trabajar de forma articulada con el Estado para fomentar la inclusi\u00f3n y el acceso de m\u00e1s estudiantes a la educaci\u00f3n universitaria. \u00c9ste es uno de los grandes desaf\u00edo que tenemos por delante\u201d, expres\u00f3.<\/div>\n<div dir=\"auto\"><\/div>\n<\/div>\n<div dir=\"auto\"><\/div>\n<div dir=\"auto\"><img decoding=\"async\" loading=\"lazy\" class=\"alignnone size-medium wp-image-12483\" src=\"https:\/\/face.unt.edu.ar\/web\/wp-content\/uploads\/2021\/09\/redface-2-face-unt-300x225.jpg\" alt=\"\" width=\"300\" height=\"225\" srcset=\"https:\/\/face.unt.edu.ar\/web\/wp-content\/uploads\/2021\/09\/redface-2-face-unt-300x225.jpg 300w, https:\/\/face.unt.edu.ar\/web\/wp-content\/uploads\/2021\/09\/redface-2-face-unt-1024x768.jpg 1024w, https:\/\/face.unt.edu.ar\/web\/wp-content\/uploads\/2021\/09\/redface-2-face-unt-768x576.jpg 768w, https:\/\/face.unt.edu.ar\/web\/wp-content\/uploads\/2021\/09\/redface-2-face-unt-1536x1152.jpg 1536w, https:\/\/face.unt.edu.ar\/web\/wp-content\/uploads\/2021\/09\/redface-2-face-unt-80x60.jpg 80w, https:\/\/face.unt.edu.ar\/web\/wp-content\/uploads\/2021\/09\/redface-2-face-unt-160x120.jpg 160w, https:\/\/face.unt.edu.ar\/web\/wp-content\/uploads\/2021\/09\/redface-2-face-unt-265x198.jpg 265w, https:\/\/face.unt.edu.ar\/web\/wp-content\/uploads\/2021\/09\/redface-2-face-unt-530x396.jpg 530w, https:\/\/face.unt.edu.ar\/web\/wp-content\/uploads\/2021\/09\/redface-2-face-unt-696x522.jpg 696w, https:\/\/face.unt.edu.ar\/web\/wp-content\/uploads\/2021\/09\/redface-2-face-unt-1392x1044.jpg 1392w, https:\/\/face.unt.edu.ar\/web\/wp-content\/uploads\/2021\/09\/redface-2-face-unt-1068x801.jpg 1068w, https:\/\/face.unt.edu.ar\/web\/wp-content\/uploads\/2021\/09\/redface-2-face-unt-560x420.jpg 560w, https:\/\/face.unt.edu.ar\/web\/wp-content\/uploads\/2021\/09\/redface-2-face-unt-1120x840.jpg 1120w, https:\/\/face.unt.edu.ar\/web\/wp-content\/uploads\/2021\/09\/redface-2-face-unt-1920x1440.jpg 1920w, https:\/\/face.unt.edu.ar\/web\/wp-content\/uploads\/2021\/09\/redface-2-face-unt.jpg 2000w\" sizes=\"(max-width: 300px) 100vw, 300px\" \/> <img decoding=\"async\" loading=\"lazy\" class=\"alignnone size-medium wp-image-12484\" src=\"https:\/\/face.unt.edu.ar\/web\/wp-content\/uploads\/2021\/09\/redface-5-face-unt-300x225.jpg\" alt=\"\" width=\"300\" height=\"225\" srcset=\"https:\/\/face.unt.edu.ar\/web\/wp-content\/uploads\/2021\/09\/redface-5-face-unt-300x225.jpg 300w, https:\/\/face.unt.edu.ar\/web\/wp-content\/uploads\/2021\/09\/redface-5-face-unt-1024x768.jpg 1024w, https:\/\/face.unt.edu.ar\/web\/wp-content\/uploads\/2021\/09\/redface-5-face-unt-768x576.jpg 768w, https:\/\/face.unt.edu.ar\/web\/wp-content\/uploads\/2021\/09\/redface-5-face-unt-1536x1152.jpg 1536w, https:\/\/face.unt.edu.ar\/web\/wp-content\/uploads\/2021\/09\/redface-5-face-unt-80x60.jpg 80w, https:\/\/face.unt.edu.ar\/web\/wp-content\/uploads\/2021\/09\/redface-5-face-unt-160x120.jpg 160w, https:\/\/face.unt.edu.ar\/web\/wp-content\/uploads\/2021\/09\/redface-5-face-unt-265x198.jpg 265w, https:\/\/face.unt.edu.ar\/web\/wp-content\/uploads\/2021\/09\/redface-5-face-unt-530x396.jpg 530w, https:\/\/face.unt.edu.ar\/web\/wp-content\/uploads\/2021\/09\/redface-5-face-unt-696x522.jpg 696w, https:\/\/face.unt.edu.ar\/web\/wp-content\/uploads\/2021\/09\/redface-5-face-unt-1392x1044.jpg 1392w, https:\/\/face.unt.edu.ar\/web\/wp-content\/uploads\/2021\/09\/redface-5-face-unt-1068x801.jpg 1068w, https:\/\/face.unt.edu.ar\/web\/wp-content\/uploads\/2021\/09\/redface-5-face-unt-560x420.jpg 560w, https:\/\/face.unt.edu.ar\/web\/wp-content\/uploads\/2021\/09\/redface-5-face-unt-1120x840.jpg 1120w, https:\/\/face.unt.edu.ar\/web\/wp-content\/uploads\/2021\/09\/redface-5-face-unt-1920x1440.jpg 1920w, https:\/\/face.unt.edu.ar\/web\/wp-content\/uploads\/2021\/09\/redface-5-face-unt.jpg 2000w\" sizes=\"(max-width: 300px) 100vw, 300px\" \/><\/div>\n<div dir=\"auto\"><\/div>\n<div dir=\"auto\"><\/div>\n<div dir=\"auto\"><\/div>\n<div dir=\"auto\">Por otra parte, en el cierre del Encuentro la <strong>Lic. Florencia Correa Deza<\/strong>, realiz\u00f3 la presentaci\u00f3n del Laboratorio de Pol\u00edticas P\u00fablicas para el Desarrollo Equitativo (LAPDE) de nuestra Facultad.<\/div>\n<div dir=\"auto\"><\/div>\n<div dir=\"auto\"><\/div>\n<div dir=\"auto\"><img decoding=\"async\" loading=\"lazy\" class=\"alignnone size-medium wp-image-12485\" src=\"https:\/\/face.unt.edu.ar\/web\/wp-content\/uploads\/2021\/09\/redface-6-face-unt-300x225.jpg\" alt=\"\" width=\"300\" height=\"225\" srcset=\"https:\/\/face.unt.edu.ar\/web\/wp-content\/uploads\/2021\/09\/redface-6-face-unt-300x225.jpg 300w, https:\/\/face.unt.edu.ar\/web\/wp-content\/uploads\/2021\/09\/redface-6-face-unt-1024x768.jpg 1024w, https:\/\/face.unt.edu.ar\/web\/wp-content\/uploads\/2021\/09\/redface-6-face-unt-768x576.jpg 768w, https:\/\/face.unt.edu.ar\/web\/wp-content\/uploads\/2021\/09\/redface-6-face-unt-1536x1152.jpg 1536w, https:\/\/face.unt.edu.ar\/web\/wp-content\/uploads\/2021\/09\/redface-6-face-unt-80x60.jpg 80w, https:\/\/face.unt.edu.ar\/web\/wp-content\/uploads\/2021\/09\/redface-6-face-unt-160x120.jpg 160w, https:\/\/face.unt.edu.ar\/web\/wp-content\/uploads\/2021\/09\/redface-6-face-unt-265x198.jpg 265w, https:\/\/face.unt.edu.ar\/web\/wp-content\/uploads\/2021\/09\/redface-6-face-unt-530x396.jpg 530w, https:\/\/face.unt.edu.ar\/web\/wp-content\/uploads\/2021\/09\/redface-6-face-unt-696x522.jpg 696w, https:\/\/face.unt.edu.ar\/web\/wp-content\/uploads\/2021\/09\/redface-6-face-unt-1392x1044.jpg 1392w, https:\/\/face.unt.edu.ar\/web\/wp-content\/uploads\/2021\/09\/redface-6-face-unt-1068x801.jpg 1068w, https:\/\/face.unt.edu.ar\/web\/wp-content\/uploads\/2021\/09\/redface-6-face-unt-560x420.jpg 560w, https:\/\/face.unt.edu.ar\/web\/wp-content\/uploads\/2021\/09\/redface-6-face-unt-1120x840.jpg 1120w, https:\/\/face.unt.edu.ar\/web\/wp-content\/uploads\/2021\/09\/redface-6-face-unt-1920x1440.jpg 1920w, https:\/\/face.unt.edu.ar\/web\/wp-content\/uploads\/2021\/09\/redface-6-face-unt.jpg 2000w\" sizes=\"(max-width: 300px) 100vw, 300px\" \/> <img decoding=\"async\" loading=\"lazy\" class=\"alignnone size-medium wp-image-12486\" src=\"https:\/\/face.unt.edu.ar\/web\/wp-content\/uploads\/2021\/09\/redface-7-face-unt-300x225.jpg\" alt=\"\" width=\"300\" height=\"225\" srcset=\"https:\/\/face.unt.edu.ar\/web\/wp-content\/uploads\/2021\/09\/redface-7-face-unt-300x225.jpg 300w, https:\/\/face.unt.edu.ar\/web\/wp-content\/uploads\/2021\/09\/redface-7-face-unt-1024x768.jpg 1024w, https:\/\/face.unt.edu.ar\/web\/wp-content\/uploads\/2021\/09\/redface-7-face-unt-768x576.jpg 768w, https:\/\/face.unt.edu.ar\/web\/wp-content\/uploads\/2021\/09\/redface-7-face-unt-1536x1152.jpg 1536w, https:\/\/face.unt.edu.ar\/web\/wp-content\/uploads\/2021\/09\/redface-7-face-unt-80x60.jpg 80w, https:\/\/face.unt.edu.ar\/web\/wp-content\/uploads\/2021\/09\/redface-7-face-unt-160x120.jpg 160w, https:\/\/face.unt.edu.ar\/web\/wp-content\/uploads\/2021\/09\/redface-7-face-unt-265x198.jpg 265w, https:\/\/face.unt.edu.ar\/web\/wp-content\/uploads\/2021\/09\/redface-7-face-unt-530x396.jpg 530w, https:\/\/face.unt.edu.ar\/web\/wp-content\/uploads\/2021\/09\/redface-7-face-unt-696x522.jpg 696w, https:\/\/face.unt.edu.ar\/web\/wp-content\/uploads\/2021\/09\/redface-7-face-unt-1392x1044.jpg 1392w, https:\/\/face.unt.edu.ar\/web\/wp-content\/uploads\/2021\/09\/redface-7-face-unt-1068x801.jpg 1068w, https:\/\/face.unt.edu.ar\/web\/wp-content\/uploads\/2021\/09\/redface-7-face-unt-560x420.jpg 560w, https:\/\/face.unt.edu.ar\/web\/wp-content\/uploads\/2021\/09\/redface-7-face-unt-1120x840.jpg 1120w, https:\/\/face.unt.edu.ar\/web\/wp-content\/uploads\/2021\/09\/redface-7-face-unt-1920x1440.jpg 1920w, https:\/\/face.unt.edu.ar\/web\/wp-content\/uploads\/2021\/09\/redface-7-face-unt.jpg 2000w\" sizes=\"(max-width: 300px) 100vw, 300px\" \/><\/div>\n<div dir=\"auto\">\n<div class=\"o9v6fnle cxmmr5t8 oygrvhab hcukyx3x c1et5uql ii04i59q\">\n<div dir=\"auto\"><\/div>\n<\/div>\n<div>\n<div dir=\"auto\"><\/div>\n<div dir=\"auto\">Adem\u00e1s, finalizando la jornada, se formaliz\u00f3 la declaraci\u00f3n de <strong>la REDFACE<\/strong> que <strong>propone al Dr. Ricardo Pahlen Acu\u00f1a para la Presidencia del CO.DE.CE.<\/strong> para el pr\u00f3ximo per\u00edodo.<\/div>\n<div dir=\"auto\"><\/div>\n<div dir=\"auto\"><\/div>\n<\/div>\n<div>\n<div dir=\"auto\">El Decano de nuestra Facultad, <strong>Mg. Jos\u00e9 Luis Jim\u00e9nez<\/strong>, destac\u00f3 el trabajo realizado entre todos durante estos dos d\u00edas, fruto del intercambio de opiniones, experiencias y saberes.<\/div>\n<div dir=\"auto\"><\/div>\n<\/div>\n<div>\n<div dir=\"auto\"><\/div>\n<div dir=\"auto\">El <strong>Lic. Marcelino Ledesma<\/strong>, Decano de la Facultad de Humanidades, Ciencias Sociales y de la Salud de la UNSE, Presidente saliente de la REDFACE, valor\u00f3 el trabajo colaborativo que se viene desarrollando en torno al fortalecimiento institucional, acad\u00e9mico, de extensi\u00f3n e investigaci\u00f3n de las entidades que forman parte de la RED.<\/div>\n<div dir=\"auto\"><\/div>\n<div dir=\"auto\"><\/div>\n<\/div>\n<div>\n<div dir=\"auto\">Por su parte, el <strong>Mg. Miguel Mart\u00edn Nina<\/strong>, Decano de la Facultad de Ciencias Econ\u00f3micas Jur\u00eddicas y Sociales de la UNSa, flamante Presidente electo de la REDFACE, resalt\u00f3 la importancia del trabajo que se viene realizando y el crecimiento obtenido a partir del mismo, asumiendo la responsabilidad y el desaf\u00edo de continuar con esa tarea, a fin reforzar las potencialidades que tienen las Facultades conformadas en equipo.<\/div>\n<\/div>\n<\/div>\n<div dir=\"auto\"><\/div>\n<div dir=\"auto\"><\/div>\n","protected":false},"excerpt":{"rendered":"<p>En el marco del Encuentro de Decanos de la REDFACE tuvo lugar la visita de funcionarios del Ministerio de Gobierno y Justicia de la Provincia de Tucum\u00e1n, quienes brindaron una charla a cargo del Secretario de Asistencia Legal y T\u00e9cnica del Ministerio, Dr. Agust\u00edn Barrera Palou, y el Director de la Escuela de Gobierno de [&hellip;]<\/p>\n","protected":false},"author":2,"featured_media":12480,"comment_status":"open","ping_status":"open","sticky":false,"template":"","format":"standard","meta":{"_et_pb_use_builder":"","_et_pb_old_content":"","_et_gb_content_width":"","footnotes":""},"categories":[4],"tags":[],"_links":{"self":[{"href":"https:\/\/face.unt.edu.ar\/web\/wp-json\/wp\/v2\/posts\/12476"}],"collection":[{"href":"https:\/\/face.unt.edu.ar\/web\/wp-json\/wp\/v2\/posts"}],"about":[{"href":"https:\/\/face.unt.edu.ar\/web\/wp-json\/wp\/v2\/types\/post"}],"author":[{"embeddable":true,"href":"https:\/\/face.unt.edu.ar\/web\/wp-json\/wp\/v2\/users\/2"}],"replies":[{"embeddable":true,"href":"https:\/\/face.unt.edu.ar\/web\/wp-json\/wp\/v2\/comments?post=12476"}],"version-history":[{"count":4,"href":"https:\/\/face.unt.edu.ar\/web\/wp-json\/wp\/v2\/posts\/12476\/revisions"}],"predecessor-version":[{"id":12490,"href":"https:\/\/face.unt.edu.ar\/web\/wp-json\/wp\/v2\/posts\/12476\/revisions\/12490"}],"wp:featuredmedia":[{"embeddable":true,"href":"https:\/\/face.unt.edu.ar\/web\/wp-json\/wp\/v2\/media\/12480"}],"wp:attachment":[{"href":"https:\/\/face.unt.edu.ar\/web\/wp-json\/wp\/v2\/media?parent=12476"}],"wp:term":[{"taxonomy":"category","embeddable":true,"href":"https:\/\/face.unt.edu.ar\/web\/wp-json\/wp\/v2\/categories?post=12476"},{"taxonomy":"post_tag","embeddable":true,"href":"https:\/\/face.unt.edu.ar\/web\/wp-json\/wp\/v2\/tags?post=12476"}],"curies":[{"name":"wp","href":"https:\/\/api.w.org\/{rel}","templated":true}]}}