{"id":12516,"date":"2021-09-29T16:30:05","date_gmt":"2021-09-29T16:30:05","guid":{"rendered":"https:\/\/face.unt.edu.ar\/web\/?p=12516"},"modified":"2021-09-29T16:30:05","modified_gmt":"2021-09-29T16:30:05","slug":"se-dictara-una-capacitacion-sobre-gestion-de-empresas-de-familia","status":"publish","type":"post","link":"https:\/\/face.unt.edu.ar\/web\/blog\/se-dictara-una-capacitacion-sobre-gestion-de-empresas-de-familia\/","title":{"rendered":"Se dictar\u00e1 una Capacitaci\u00f3n sobre Gesti\u00f3n de Empresas de Familia"},"content":{"rendered":"<p style=\"font-weight: 400\">La\u00a0<strong>Facultad de Ciencias Econ\u00f3micas de la UNT<\/strong>\u00a0junto al\u00a0<strong>Instituto PyME del Banco Ciudad\u00a0<\/strong>desarrollar\u00e1n el\u00a0<strong>Programa de Capacitaci\u00f3n Ejecutivo \u201cGestion\u00e1 de manera eficiente tu empresa familiar\u201d<\/strong>, con\u00a0<strong>Certificaci\u00f3n Universitaria<\/strong>.<\/p>\n<p style=\"font-weight: 400\">El mismo tendr\u00e1 lugar el\u00a0<strong>mi\u00e9rcoles 06 de Octubre<\/strong>, de manera\u00a0<strong>virtual<\/strong>\u00a0y\u00a0<strong>gratuita<\/strong>, con previa\u00a0<strong>inscripci\u00f3n online<\/strong>.<\/p>\n<p style=\"font-weight: 400\"><strong>Inscribirse haciendo clic aqu\u00ed<\/strong>: \u00a0<a href=\"https:\/\/docs.google.com\/forms\/d\/e\/1FAIpQLSc97N6xGo7JWaR-wsfAE-ZK9MuHUvGWTEZpOqMewvX_wJKkvg\/viewform\" data-saferedirecturl=\"https:\/\/www.google.com\/url?q=https:\/\/docs.google.com\/forms\/d\/e\/1FAIpQLSc97N6xGo7JWaR-wsfAE-ZK9MuHUvGWTEZpOqMewvX_wJKkvg\/viewform&amp;source=gmail&amp;ust=1633018708169000&amp;usg=AFQjCNH5ZfzZV9UxC8Faa33LHgRBJU4sSw\">https:\/\/docs.google.com\/forms\/d\/e\/1FAIpQLSc97N6xGo7JWaR-wsfAE-ZK9MuHUvGWTEZpOqMewvX_wJKkvg\/viewform<\/a><\/p>\n<p style=\"font-weight: 400\">Ser\u00e1n\u00a0<strong>tres jornadas<\/strong>, con una duraci\u00f3n de dos horas (de\u00a0<strong>9 a 11hs<\/strong>), en las que se desarrollar\u00e1\u00a0\u00a0un programa \u00e1gil y concreto para poder entender la din\u00e1mica y la l\u00f3gica de las\u00a0<strong>Empresas de Familia<\/strong>.<\/p>\n<p style=\"font-weight: 400\">Est\u00e1 destinado a quienes conducen una empresa familiar.<br \/>\n<strong>Los cupos son limitados.<\/strong><\/p>\n<p><a href=\"https:\/\/face.unt.edu.ar\/web\/wp-content\/uploads\/2021\/09\/capacitacion-ejecutiva.jpg\"><img decoding=\"async\" loading=\"lazy\" class=\" wp-image-12517 aligncenter\" src=\"https:\/\/face.unt.edu.ar\/web\/wp-content\/uploads\/2021\/09\/capacitacion-ejecutiva-186x300.jpg\" alt=\"\" width=\"296\" height=\"477\" srcset=\"https:\/\/face.unt.edu.ar\/web\/wp-content\/uploads\/2021\/09\/capacitacion-ejecutiva-186x300.jpg 186w, https:\/\/face.unt.edu.ar\/web\/wp-content\/uploads\/2021\/09\/capacitacion-ejecutiva-261x420.jpg 261w, https:\/\/face.unt.edu.ar\/web\/wp-content\/uploads\/2021\/09\/capacitacion-ejecutiva-522x840.jpg 522w, https:\/\/face.unt.edu.ar\/web\/wp-content\/uploads\/2021\/09\/capacitacion-ejecutiva.jpg 601w\" sizes=\"(max-width: 296px) 100vw, 296px\" \/><\/a><\/p>\n<p><span style=\"font-weight: 400\">Los temas que se abordar\u00e1n son:<\/p>\n<p>1. Bases de la Empresa Familiar<br \/>\n2. Fortalezas y Debilidades<br \/>\n3. Profesionalizaci\u00f3n del Management familiar<br \/>\n4. El Directorio como \u00f3rgano clave de gobierno<br \/>\n5. Ventajas de contar con directores\/as no familiares<br \/>\n6. El protocolo familiar<br \/>\n7. Planificaci\u00f3n sucesoria<br \/>\n8. Estilos de salida del\/a fundador\/a<br \/>\n9. Decisiones Estrat\u00e9gicas en las Empresas Familiares<\/span><\/p>\n<p style=\"font-weight: 400\">\n","protected":false},"excerpt":{"rendered":"<p>La\u00a0Facultad de Ciencias Econ\u00f3micas de la UNT\u00a0junto al\u00a0Instituto PyME del Banco Ciudad\u00a0desarrollar\u00e1n el\u00a0Programa de Capacitaci\u00f3n Ejecutivo \u201cGestion\u00e1 de manera eficiente tu empresa familiar\u201d, con\u00a0Certificaci\u00f3n Universitaria. El mismo tendr\u00e1 lugar el\u00a0mi\u00e9rcoles 06 de Octubre, de manera\u00a0virtual\u00a0y\u00a0gratuita, con previa\u00a0inscripci\u00f3n online. Inscribirse haciendo clic aqu\u00ed: \u00a0https:\/\/docs.google.com\/forms\/d\/e\/1FAIpQLSc97N6xGo7JWaR-wsfAE-ZK9MuHUvGWTEZpOqMewvX_wJKkvg\/viewform Ser\u00e1n\u00a0tres jornadas, con una duraci\u00f3n de dos horas (de\u00a09 a 11hs), en [&hellip;]<\/p>\n","protected":false},"author":123457,"featured_media":12518,"comment_status":"open","ping_status":"open","sticky":false,"template":"","format":"standard","meta":{"_et_pb_use_builder":"","_et_pb_old_content":"","_et_gb_content_width":"","footnotes":""},"categories":[4],"tags":[572,435,828,36,389,24],"_links":{"self":[{"href":"https:\/\/face.unt.edu.ar\/web\/wp-json\/wp\/v2\/posts\/12516"}],"collection":[{"href":"https:\/\/face.unt.edu.ar\/web\/wp-json\/wp\/v2\/posts"}],"about":[{"href":"https:\/\/face.unt.edu.ar\/web\/wp-json\/wp\/v2\/types\/post"}],"author":[{"embeddable":true,"href":"https:\/\/face.unt.edu.ar\/web\/wp-json\/wp\/v2\/users\/123457"}],"replies":[{"embeddable":true,"href":"https:\/\/face.unt.edu.ar\/web\/wp-json\/wp\/v2\/comments?post=12516"}],"version-history":[{"count":1,"href":"https:\/\/face.unt.edu.ar\/web\/wp-json\/wp\/v2\/posts\/12516\/revisions"}],"predecessor-version":[{"id":12519,"href":"https:\/\/face.unt.edu.ar\/web\/wp-json\/wp\/v2\/posts\/12516\/revisions\/12519"}],"wp:featuredmedia":[{"embeddable":true,"href":"https:\/\/face.unt.edu.ar\/web\/wp-json\/wp\/v2\/media\/12518"}],"wp:attachment":[{"href":"https:\/\/face.unt.edu.ar\/web\/wp-json\/wp\/v2\/media?parent=12516"}],"wp:term":[{"taxonomy":"category","embeddable":true,"href":"https:\/\/face.unt.edu.ar\/web\/wp-json\/wp\/v2\/categories?post=12516"},{"taxonomy":"post_tag","embeddable":true,"href":"https:\/\/face.unt.edu.ar\/web\/wp-json\/wp\/v2\/tags?post=12516"}],"curies":[{"name":"wp","href":"https:\/\/api.w.org\/{rel}","templated":true}]}}