{"id":12521,"date":"2021-09-29T17:14:07","date_gmt":"2021-09-29T17:14:07","guid":{"rendered":"https:\/\/face.unt.edu.ar\/web\/?p=12521"},"modified":"2021-09-29T17:15:22","modified_gmt":"2021-09-29T17:15:22","slug":"el-dr-juan-carlos-hallak-y-la-mg-andrea-gonzalez-brindaran-un-taller-de-posgrado-en-nuestra-facultad","status":"publish","type":"post","link":"https:\/\/face.unt.edu.ar\/web\/blog\/el-dr-juan-carlos-hallak-y-la-mg-andrea-gonzalez-brindaran-un-taller-de-posgrado-en-nuestra-facultad\/","title":{"rendered":"El Dr. Juan Carlos Hallak y la Mg. Andrea Gonz\u00e1lez brindar\u00e1n un Taller de Posgrado en nuestra Facultad"},"content":{"rendered":"<p>En el marco de la carrera de <strong>Posgrado Especializaci\u00f3n en Comercio Internacional<\/strong>, tendr\u00e1 lugar el Taller\u00a0<strong>\u00abEl desaf\u00edo exportador. Odisea para las empresas,\u00a0 reto para la pol\u00edtica p\u00fablica\u00bb,<\/strong> \u00a0que se desarrollar\u00e1\u00a0 los d\u00edas <strong>viernes 01 y S\u00e1bado 02 de Octubre,<\/strong> en nuestra Facultad.<\/p>\n<p>Ser\u00e1 con modalidad \u00a0<strong>presencial <\/strong>y transmisi\u00f3n online para los alumnos que se encuentran fuera de la provincia.<\/p>\n<p>El taller \u00a0tiende a promover el desarrollo exportador de nuestra provincia. Se trata de una actividad acad\u00e9mica programada para los alumnos de la\u00a0Especializaci\u00f3n en Comercio Internacional de la FACE-UNT y contar\u00e1 con la presencia de invitados especiales.<\/p>\n<p>Se dictar\u00e1\u00a0el Viernes 01 de Octubre, de 19 a 21 horas. Y el S\u00e1bado 02 de Octubre, de 10 a 12 horas.<\/p>\n<p><strong>Contenido del Taller:<\/strong><\/p>\n<p>El taller tiene como objetivo presentar y analizar los desaf\u00edos que enfrentan las empresas argentinas vinculados a su inserci\u00f3n internacional, as\u00ed como los de la pol\u00edtica p\u00fablica para promover la inserci\u00f3n internacional del pa\u00eds. En el taller analizaremos qu\u00e9 factores inciden en el desarrollo exportador de las empresas, con particular \u00e9nfasis en el caso de los productos diferenciados. Tambi\u00e9n discutiremos qu\u00e9 herramientas tienen los gobiernos para dise\u00f1ar e implementar pol\u00edticas que permitan a estas empresas exportar m\u00e1s y con mayor valor agregado, as\u00ed como definir las bases para un desarrollo exportador sostenible en el largo plazo.<\/p>\n<p>&nbsp;<\/p>\n<p><strong>Sobre los expositores:\u00a0<\/strong><\/p>\n<p><strong>Juan Carlos Hallak<\/strong> se gradu\u00f3 de Licenciado en Econom\u00eda y Mag\u00edster en Pol\u00edtica Econ\u00f3mica por la Universidad de Buenos Aires, y es Doctor en Econom\u00eda por la Universidad de Harvard. Se desempe\u00f1a como investigador del CONICET y es Director del \u00c1rea Inserci\u00f3n, Comercio y Competitividad Internacional en el Instituto Interdisciplinario de Econom\u00eda Pol\u00edtica de la UBA (IIEP-BAIRES). Tiene una larga trayectoria acad\u00e9mica en las \u00e1reas de comercio internacional y desarrollo productivo. Sus principales trabajos han sido publicados en las m\u00e1s destacadas revistas internacionales de la disciplina. Ha presentado sus trabajos en seminarios de investigaci\u00f3n de prestigiosas universidades como Princeton, Stanford, Berkeley, Yale, Oxford, LSE, PSE, U. Federal de RJ y U. Cat\u00f3lica de Chile. Es Editor Asociado del Journal of Development Economics, Investigador Afiliado del International Growth Centre (LSE-Oxford) e investigador de lnnovations for Poverty Action. Fue Profesor en la Universidad de San Andr\u00e9s (2006-2019), Profesor Visitante en la Universidad de Columbia (2014), Assistant Professor en la Universidad de Michigan (2002-2007) y miembro del NBER (2004-2013). En la gesti\u00f3n p\u00fablica, se desempe\u00f1\u00f3 recientemente como Subsecretario de Inserci\u00f3n Internacional (2019) y como Presidente de la Comisi\u00f3n Nacional de Comercio Exterior (2017-2018).<\/p>\n<p>&nbsp;<\/p>\n<p><strong>Andrea Gonz\u00e1lez<\/strong> se gradu\u00f3 de Contadora P\u00fablica y Licenciada en Administraci\u00f3n de Empresas por la Universidad Cat\u00f3lica Argentina, y es Mag\u00edster en Estudios Organizacionales por la Universidad de San Andr\u00e9s. Se desempe\u00f1a como investigadora asociada en el Instituto Interdisciplinario de Econom\u00eda Pol\u00edtica de la UBA (IIEP-BAIRES) en temas de inserci\u00f3n internacional y desarrollo productivo. Es profesora invitada en la Maestr\u00eda en Pol\u00edtica y Econom\u00eda Internacionales de la Universidad de San Andr\u00e9s (2015-actualidad). En la misma casa de estudios ha sido profesora en las carreras de grado de Ciencias Econ\u00f3micas y en seminarios de posgrado de negocios (2005-2009). Fue becaria de doctorado por la Agencia y por CONICET. Se ha desempe\u00f1ado como consultora de organismos internacionales, y en el \u00e1mbito p\u00fablico, como Directora de Planificaci\u00f3n para la Inserci\u00f3n Internacional en la Subsecretaria de Inserci\u00f3n Internacional y como Secretaria General y Auditora de la Comisi\u00f3n Nacional de Comercio Exterior.<\/p>\n<p>&nbsp;<\/p>\n","protected":false},"excerpt":{"rendered":"<p>En el marco de la carrera de Posgrado Especializaci\u00f3n en Comercio Internacional, tendr\u00e1 lugar el Taller\u00a0\u00abEl desaf\u00edo exportador. Odisea para las empresas,\u00a0 reto para la pol\u00edtica p\u00fablica\u00bb, \u00a0que se desarrollar\u00e1\u00a0 los d\u00edas viernes 01 y S\u00e1bado 02 de Octubre, en nuestra Facultad. Ser\u00e1 con modalidad \u00a0presencial y transmisi\u00f3n online para los alumnos que se encuentran [&hellip;]<\/p>\n","protected":false},"author":2,"featured_media":12526,"comment_status":"open","ping_status":"open","sticky":false,"template":"","format":"standard","meta":{"_et_pb_use_builder":"","_et_pb_old_content":"","_et_gb_content_width":"","footnotes":""},"categories":[4,5],"tags":[411,487,500],"_links":{"self":[{"href":"https:\/\/face.unt.edu.ar\/web\/wp-json\/wp\/v2\/posts\/12521"}],"collection":[{"href":"https:\/\/face.unt.edu.ar\/web\/wp-json\/wp\/v2\/posts"}],"about":[{"href":"https:\/\/face.unt.edu.ar\/web\/wp-json\/wp\/v2\/types\/post"}],"author":[{"embeddable":true,"href":"https:\/\/face.unt.edu.ar\/web\/wp-json\/wp\/v2\/users\/2"}],"replies":[{"embeddable":true,"href":"https:\/\/face.unt.edu.ar\/web\/wp-json\/wp\/v2\/comments?post=12521"}],"version-history":[{"count":1,"href":"https:\/\/face.unt.edu.ar\/web\/wp-json\/wp\/v2\/posts\/12521\/revisions"}],"predecessor-version":[{"id":12523,"href":"https:\/\/face.unt.edu.ar\/web\/wp-json\/wp\/v2\/posts\/12521\/revisions\/12523"}],"wp:featuredmedia":[{"embeddable":true,"href":"https:\/\/face.unt.edu.ar\/web\/wp-json\/wp\/v2\/media\/12526"}],"wp:attachment":[{"href":"https:\/\/face.unt.edu.ar\/web\/wp-json\/wp\/v2\/media?parent=12521"}],"wp:term":[{"taxonomy":"category","embeddable":true,"href":"https:\/\/face.unt.edu.ar\/web\/wp-json\/wp\/v2\/categories?post=12521"},{"taxonomy":"post_tag","embeddable":true,"href":"https:\/\/face.unt.edu.ar\/web\/wp-json\/wp\/v2\/tags?post=12521"}],"curies":[{"name":"wp","href":"https:\/\/api.w.org\/{rel}","templated":true}]}}