{"id":12609,"date":"2021-10-13T15:49:10","date_gmt":"2021-10-13T15:49:10","guid":{"rendered":"https:\/\/face.unt.edu.ar\/web\/?p=12609"},"modified":"2021-10-13T15:49:10","modified_gmt":"2021-10-13T15:49:10","slug":"29o-encuentro-tributario-la-situacion-tributaria-post-pandemia","status":"publish","type":"post","link":"https:\/\/face.unt.edu.ar\/web\/blog\/29o-encuentro-tributario-la-situacion-tributaria-post-pandemia\/","title":{"rendered":"29\u00ba Encuentro Tributario \u201cLa Situaci\u00f3n Tributaria Post Pandemia\u201d"},"content":{"rendered":"<p>Se realiza el <strong>29\u00ba Encuentro Tributario<\/strong>, bajo el lema <strong>\u201cLa Situaci\u00f3n Tributaria Post Pandemia\u201d<\/strong>, organizado por el <strong>Colegio de Graduados de Ciencias Econ\u00f3micas de Tucum\u00e1n. <\/strong><\/p>\n<p>Se llevar\u00e1 a cabo los d\u00edas <strong>14 y 15 de Octubre<\/strong>, en el horario <strong>de 9.00 a 14.00 horas. <\/strong><\/p>\n<p>Se desarrollar\u00e1 con <strong>modalidad virtual<\/strong> mediante la plataforma Zoom.<\/p>\n<p>Se trata de un evento de gran envergadura que contar\u00e1 con <strong>importantes expositores<\/strong> de nivel provincial y nacional especializados en la materia.<\/p>\n<p>&nbsp;<\/p>\n","protected":false},"excerpt":{"rendered":"<p>Se realiza el 29\u00ba Encuentro Tributario, bajo el lema \u201cLa Situaci\u00f3n Tributaria Post Pandemia\u201d, organizado por el Colegio de Graduados de Ciencias Econ\u00f3micas de Tucum\u00e1n. Se llevar\u00e1 a cabo los d\u00edas 14 y 15 de Octubre, en el horario de 9.00 a 14.00 horas. Se desarrollar\u00e1 con modalidad virtual mediante la plataforma Zoom. Se trata [&hellip;]<\/p>\n","protected":false},"author":123457,"featured_media":12610,"comment_status":"open","ping_status":"open","sticky":false,"template":"","format":"standard","meta":{"_et_pb_use_builder":"","_et_pb_old_content":"","_et_gb_content_width":"","footnotes":""},"categories":[4],"tags":[830,36,417,444],"_links":{"self":[{"href":"https:\/\/face.unt.edu.ar\/web\/wp-json\/wp\/v2\/posts\/12609"}],"collection":[{"href":"https:\/\/face.unt.edu.ar\/web\/wp-json\/wp\/v2\/posts"}],"about":[{"href":"https:\/\/face.unt.edu.ar\/web\/wp-json\/wp\/v2\/types\/post"}],"author":[{"embeddable":true,"href":"https:\/\/face.unt.edu.ar\/web\/wp-json\/wp\/v2\/users\/123457"}],"replies":[{"embeddable":true,"href":"https:\/\/face.unt.edu.ar\/web\/wp-json\/wp\/v2\/comments?post=12609"}],"version-history":[{"count":1,"href":"https:\/\/face.unt.edu.ar\/web\/wp-json\/wp\/v2\/posts\/12609\/revisions"}],"predecessor-version":[{"id":12612,"href":"https:\/\/face.unt.edu.ar\/web\/wp-json\/wp\/v2\/posts\/12609\/revisions\/12612"}],"wp:featuredmedia":[{"embeddable":true,"href":"https:\/\/face.unt.edu.ar\/web\/wp-json\/wp\/v2\/media\/12610"}],"wp:attachment":[{"href":"https:\/\/face.unt.edu.ar\/web\/wp-json\/wp\/v2\/media?parent=12609"}],"wp:term":[{"taxonomy":"category","embeddable":true,"href":"https:\/\/face.unt.edu.ar\/web\/wp-json\/wp\/v2\/categories?post=12609"},{"taxonomy":"post_tag","embeddable":true,"href":"https:\/\/face.unt.edu.ar\/web\/wp-json\/wp\/v2\/tags?post=12609"}],"curies":[{"name":"wp","href":"https:\/\/api.w.org\/{rel}","templated":true}]}}