{"id":12661,"date":"2021-10-21T11:30:34","date_gmt":"2021-10-21T11:30:34","guid":{"rendered":"https:\/\/face.unt.edu.ar\/web\/?p=12661"},"modified":"2021-10-21T12:05:54","modified_gmt":"2021-10-21T12:05:54","slug":"se-realizo-el-programa-de-capacitacion-ejecutivo-gestiona-de-manera-eficiente-tu-empresa-familiar","status":"publish","type":"post","link":"https:\/\/face.unt.edu.ar\/web\/blog\/se-realizo-el-programa-de-capacitacion-ejecutivo-gestiona-de-manera-eficiente-tu-empresa-familiar\/","title":{"rendered":"Se realiz\u00f3 el Programa de Capacitaci\u00f3n Ejecutivo \u201cGestion\u00e1 de Manera Eficiente tu Empresa Familiar\u201d"},"content":{"rendered":"<p style=\"font-weight: 400\">Entre los d\u00edas\u00a0<strong>6 y 20 de octubre<\/strong>\u00a0se llev\u00f3 a cabo el\u00a0<strong>Programa de Capacitaci\u00f3n Ejecutivo \u201cGestion\u00e1 de Manera Eficiente tu Empresa Familiar\u201d<\/strong>, organizado conjuntamente por el\u00a0<strong>Instituto PyMe del Banco Ciudad<\/strong>\u00a0y la\u00a0<strong>Facultad de Ciencias Econ\u00f3micas de la UNT.<\/strong><\/p>\n<p style=\"font-weight: 400\">El dictado del programa estuvo a cargo del\u00a0<strong style=\"font-weight: 400\">Profesor Mg.\u00a0<\/strong><b>V\u00edctor<\/b> <strong>Mart\u00ednez<\/strong>, y cont\u00f3 con la participaci\u00f3n de\u00a0<strong style=\"font-weight: 400\">40 empresarios<\/strong>\u00a0y\u00a0<strong style=\"font-weight: 400\">administradores de empresas<\/strong>\u00a0familiares de todo el pa\u00eds.<\/p>\n<p style=\"font-weight: 400\">En el mismo se abordaron las siguientes tem\u00e1ticas:<\/p>\n<p>Bases de la Empresa Familiar<\/p>\n<p style=\"font-weight: 400\">&#8211;\u00a0\u00a0\u00a0\u00a0\u00a0\u00a0\u00a0\u00a0\u00a0\u00a0Fortalezas y Debilidades<\/p>\n<p style=\"font-weight: 400\">&#8211;\u00a0\u00a0\u00a0\u00a0\u00a0\u00a0\u00a0\u00a0\u00a0\u00a0Profesionalizaci\u00f3n del Management familiar<\/p>\n<p style=\"font-weight: 400\">&#8211;\u00a0\u00a0\u00a0\u00a0\u00a0\u00a0\u00a0\u00a0\u00a0\u00a0El Directorio como \u00f3rgano clave de gobierno<\/p>\n<p style=\"font-weight: 400\">&#8211;\u00a0\u00a0\u00a0\u00a0\u00a0\u00a0\u00a0\u00a0\u00a0\u00a0Ventajas de contar con directores\/as no familiares<\/p>\n<p style=\"font-weight: 400\">&#8211;\u00a0\u00a0\u00a0\u00a0\u00a0\u00a0\u00a0\u00a0\u00a0\u00a0El protocolo familiar<\/p>\n<p style=\"font-weight: 400\">&#8211;\u00a0\u00a0\u00a0\u00a0\u00a0\u00a0\u00a0\u00a0\u00a0\u00a0Planificaci\u00f3n sucesoria<\/p>\n<p style=\"font-weight: 400\">&#8211;\u00a0\u00a0\u00a0\u00a0\u00a0\u00a0\u00a0\u00a0\u00a0\u00a0Estilos de salida del\/a fundador\/a<\/p>\n<p style=\"font-weight: 400\">&#8211;\u00a0\u00a0\u00a0\u00a0\u00a0\u00a0\u00a0\u00a0\u00a0\u00a0Decisiones Estrat\u00e9gicas en las Empresas Familiares<\/p>\n","protected":false},"excerpt":{"rendered":"<p>Entre los d\u00edas\u00a06 y 20 de octubre\u00a0se llev\u00f3 a cabo el\u00a0Programa de Capacitaci\u00f3n Ejecutivo \u201cGestion\u00e1 de Manera Eficiente tu Empresa Familiar\u201d, organizado conjuntamente por el\u00a0Instituto PyMe del Banco Ciudad\u00a0y la\u00a0Facultad de Ciencias Econ\u00f3micas de la UNT. El dictado del programa estuvo a cargo del\u00a0Profesor Mg.\u00a0V\u00edctor Mart\u00ednez, y cont\u00f3 con la participaci\u00f3n de\u00a040 empresarios\u00a0y\u00a0administradores de empresas\u00a0familiares [&hellip;]<\/p>\n","protected":false},"author":123457,"featured_media":12662,"comment_status":"open","ping_status":"open","sticky":false,"template":"","format":"standard","meta":{"_et_pb_use_builder":"","_et_pb_old_content":"","_et_gb_content_width":"","footnotes":""},"categories":[4],"tags":[],"_links":{"self":[{"href":"https:\/\/face.unt.edu.ar\/web\/wp-json\/wp\/v2\/posts\/12661"}],"collection":[{"href":"https:\/\/face.unt.edu.ar\/web\/wp-json\/wp\/v2\/posts"}],"about":[{"href":"https:\/\/face.unt.edu.ar\/web\/wp-json\/wp\/v2\/types\/post"}],"author":[{"embeddable":true,"href":"https:\/\/face.unt.edu.ar\/web\/wp-json\/wp\/v2\/users\/123457"}],"replies":[{"embeddable":true,"href":"https:\/\/face.unt.edu.ar\/web\/wp-json\/wp\/v2\/comments?post=12661"}],"version-history":[{"count":2,"href":"https:\/\/face.unt.edu.ar\/web\/wp-json\/wp\/v2\/posts\/12661\/revisions"}],"predecessor-version":[{"id":12666,"href":"https:\/\/face.unt.edu.ar\/web\/wp-json\/wp\/v2\/posts\/12661\/revisions\/12666"}],"wp:featuredmedia":[{"embeddable":true,"href":"https:\/\/face.unt.edu.ar\/web\/wp-json\/wp\/v2\/media\/12662"}],"wp:attachment":[{"href":"https:\/\/face.unt.edu.ar\/web\/wp-json\/wp\/v2\/media?parent=12661"}],"wp:term":[{"taxonomy":"category","embeddable":true,"href":"https:\/\/face.unt.edu.ar\/web\/wp-json\/wp\/v2\/categories?post=12661"},{"taxonomy":"post_tag","embeddable":true,"href":"https:\/\/face.unt.edu.ar\/web\/wp-json\/wp\/v2\/tags?post=12661"}],"curies":[{"name":"wp","href":"https:\/\/api.w.org\/{rel}","templated":true}]}}