{"id":12667,"date":"2021-10-21T12:25:24","date_gmt":"2021-10-21T12:25:24","guid":{"rendered":"https:\/\/face.unt.edu.ar\/web\/?p=12667"},"modified":"2021-10-21T12:27:01","modified_gmt":"2021-10-21T12:27:01","slug":"abrio-la-convocatoria-pilavirtual-estudiantil-primer-semestre-2022","status":"publish","type":"post","link":"https:\/\/face.unt.edu.ar\/web\/blog\/abrio-la-convocatoria-pilavirtual-estudiantil-primer-semestre-2022\/","title":{"rendered":"Abri\u00f3 la convocatoria PILAvirtual Estudiantil \u2013 Primer Semestre 2022"},"content":{"rendered":"<p>Est\u00e1 abierta la <strong>convocatoria<\/strong> para la postulaci\u00f3n de<strong> estudiantes<\/strong> al <strong>Programa de Intercambio Acad\u00e9mico Latinoamericano &#8211; PILAvirtual<\/strong>.<\/p>\n<p>Las misma est\u00e1 disponible desde el 20 de Octubre y <strong>hasta el 19 de Noviembre de 2021<\/strong>.<\/p>\n<p>Los estudiantes interesados pueden consultar la oferta p\u00fablica de los pa\u00edses e IES participantes, para ello deben acceder a la p\u00e1gina del Programa\u00a0PILA virtual\u00a0(Acceso a Estudiantes \u2013 Asignaturas para Intercambio PILAvirtual \u2013 Buscador de Materias). <strong><a href=\"https:\/\/www.programapila.lat\/\" target=\"_blank\" rel=\"noopener\">https:\/\/www.programapila.lat\/<\/a><\/strong><\/p>\n<p>Por m\u00e1s informaci\u00f3n pueden ingresar a <strong><a href=\"https:\/\/www.internacionales.unt.edu.ar\/\" target=\"_blank\" rel=\"noopener\">https:\/\/www.internacionales.unt.edu.ar\/<\/a><\/strong><\/p>\n<p>Para ver m\u00e1s <strong><a href=\"https:\/\/drive.google.com\/file\/d\/1Utr9gSqDD-ZctFGoZKgRJ_ciqoOW2mWr\/view?usp=sharing\" target=\"_blank\" rel=\"noopener\">detalles de la convocatoria hacer clic aqu\u00ed.<\/a> <\/strong><\/p>\n","protected":false},"excerpt":{"rendered":"<p>Est\u00e1 abierta la convocatoria para la postulaci\u00f3n de estudiantes al Programa de Intercambio Acad\u00e9mico Latinoamericano &#8211; PILAvirtual. Las misma est\u00e1 disponible desde el 20 de Octubre y hasta el 19 de Noviembre de 2021. Los estudiantes interesados pueden consultar la oferta p\u00fablica de los pa\u00edses e IES participantes, para ello deben acceder a la p\u00e1gina [&hellip;]<\/p>\n","protected":false},"author":2,"featured_media":12668,"comment_status":"open","ping_status":"open","sticky":false,"template":"","format":"standard","meta":{"_et_pb_use_builder":"","_et_pb_old_content":"","_et_gb_content_width":"","footnotes":""},"categories":[237,4],"tags":[426,557,645],"_links":{"self":[{"href":"https:\/\/face.unt.edu.ar\/web\/wp-json\/wp\/v2\/posts\/12667"}],"collection":[{"href":"https:\/\/face.unt.edu.ar\/web\/wp-json\/wp\/v2\/posts"}],"about":[{"href":"https:\/\/face.unt.edu.ar\/web\/wp-json\/wp\/v2\/types\/post"}],"author":[{"embeddable":true,"href":"https:\/\/face.unt.edu.ar\/web\/wp-json\/wp\/v2\/users\/2"}],"replies":[{"embeddable":true,"href":"https:\/\/face.unt.edu.ar\/web\/wp-json\/wp\/v2\/comments?post=12667"}],"version-history":[{"count":1,"href":"https:\/\/face.unt.edu.ar\/web\/wp-json\/wp\/v2\/posts\/12667\/revisions"}],"predecessor-version":[{"id":12669,"href":"https:\/\/face.unt.edu.ar\/web\/wp-json\/wp\/v2\/posts\/12667\/revisions\/12669"}],"wp:featuredmedia":[{"embeddable":true,"href":"https:\/\/face.unt.edu.ar\/web\/wp-json\/wp\/v2\/media\/12668"}],"wp:attachment":[{"href":"https:\/\/face.unt.edu.ar\/web\/wp-json\/wp\/v2\/media?parent=12667"}],"wp:term":[{"taxonomy":"category","embeddable":true,"href":"https:\/\/face.unt.edu.ar\/web\/wp-json\/wp\/v2\/categories?post=12667"},{"taxonomy":"post_tag","embeddable":true,"href":"https:\/\/face.unt.edu.ar\/web\/wp-json\/wp\/v2\/tags?post=12667"}],"curies":[{"name":"wp","href":"https:\/\/api.w.org\/{rel}","templated":true}]}}