{"id":12702,"date":"2021-10-28T15:57:17","date_gmt":"2021-10-28T15:57:17","guid":{"rendered":"https:\/\/face.unt.edu.ar\/web\/?p=12702"},"modified":"2021-10-28T15:57:17","modified_gmt":"2021-10-28T15:57:17","slug":"xi-jornada-de-convivencia-de-la-licenciatura-en-administracion","status":"publish","type":"post","link":"https:\/\/face.unt.edu.ar\/web\/blog\/xi-jornada-de-convivencia-de-la-licenciatura-en-administracion\/","title":{"rendered":"XI Jornada de Convivencia de la Licenciatura en Administraci\u00f3n"},"content":{"rendered":"<div>Se realiza la <b>XI Jornada de Convivencia de la Licenciatura en Administraci\u00f3n, con modalidad virtual.<br \/>\n<\/b><\/div>\n<div><\/div>\n<div>Ser\u00e1 del 28 al 30 de octubre de 2021.<\/div>\n<div><\/div>\n<div><strong>Agenda<\/strong><\/div>\n<div><b>28\/10 \u2013 15:30 hs \u2013\u00a0<\/b>AGOSTINA MARANZANA, egresada de la licenciatura, presentar\u00e1 el proyecto de aplicaci\u00f3n de energ\u00edas renovables para riego en la empresa Nynagro.<\/div>\n<div><b>29\/10 \u2013 18:30 hs \u2013\u00a0FERNANDO BACH, fundador de Elementos Argentinos (Empresa B certificada), que nos contar\u00e1 sobre la gesti\u00f3n y la filosof\u00eda de las empresas de triple impacto.<\/b><\/div>\n<div><b>30\/10 \u2013 16:00 hs \u2013\u00a0<\/b>JOS\u00c9 VIGNOLI, egresado de la carrera, nos hablar\u00e1 de su experiencia como CEO de Invertir On Line y como emprendedor aut\u00f3nomo.<\/div>\n<div>\n<div dir=\"ltr\">\n<div dir=\"ltr\">\n<div dir=\"ltr\">\n<div>\n<div><b>Adem\u00e1s, habr\u00e1 sorteos, concursos y juegos asincr\u00f3nicos (la informaci\u00f3n se publicar\u00e1 en Instagram y Facebook a medida que avance la semana).<\/b><\/div>\n<div><\/div>\n<div>El\u00a0<b>link de acceso a las reuniones<\/b>\u00a0ser\u00e1 enviado al mail que consignen en el formulario de inscripci\u00f3n.<\/div>\n<div>Tambi\u00e9n abrimos un grupo de Whatsapp s\u00f3lo para noticias importantes (recordatorios, links, novedades de la semana,\u2026) al que podr\u00e1n sumarse en el siguiente enlace:\u00a0 \u00a0<strong><a href=\"https:\/\/chat.whatsapp.com\/LXvQRBsJQ5iFjjZNIR1ik7\" target=\"_blank\" rel=\"noopener\" data-saferedirecturl=\"https:\/\/www.google.com\/url?q=https:\/\/chat.whatsapp.com\/LXvQRBsJQ5iFjjZNIR1ik7&amp;source=gmail&amp;ust=1635113616524000&amp;usg=AFQjCNEgq3_T-BZFFsAoK8HqTWqkdZd9FA\">https:\/\/chat.whatsapp.com\/LXvQRBsJQ5iFjjZNIR1ik7<\/a><\/strong><\/div>\n<\/div>\n<\/div>\n<\/div>\n<\/div>\n<\/div>\n","protected":false},"excerpt":{"rendered":"<p>Se realiza la XI Jornada de Convivencia de la Licenciatura en Administraci\u00f3n, con modalidad virtual. Ser\u00e1 del 28 al 30 de octubre de 2021. Agenda 28\/10 \u2013 15:30 hs \u2013\u00a0AGOSTINA MARANZANA, egresada de la licenciatura, presentar\u00e1 el proyecto de aplicaci\u00f3n de energ\u00edas renovables para riego en la empresa Nynagro. 29\/10 \u2013 18:30 hs \u2013\u00a0FERNANDO BACH, [&hellip;]<\/p>\n","protected":false},"author":2,"featured_media":12703,"comment_status":"open","ping_status":"open","sticky":false,"template":"","format":"standard","meta":{"_et_pb_use_builder":"","_et_pb_old_content":"","_et_gb_content_width":"","footnotes":""},"categories":[4],"tags":[529],"_links":{"self":[{"href":"https:\/\/face.unt.edu.ar\/web\/wp-json\/wp\/v2\/posts\/12702"}],"collection":[{"href":"https:\/\/face.unt.edu.ar\/web\/wp-json\/wp\/v2\/posts"}],"about":[{"href":"https:\/\/face.unt.edu.ar\/web\/wp-json\/wp\/v2\/types\/post"}],"author":[{"embeddable":true,"href":"https:\/\/face.unt.edu.ar\/web\/wp-json\/wp\/v2\/users\/2"}],"replies":[{"embeddable":true,"href":"https:\/\/face.unt.edu.ar\/web\/wp-json\/wp\/v2\/comments?post=12702"}],"version-history":[{"count":1,"href":"https:\/\/face.unt.edu.ar\/web\/wp-json\/wp\/v2\/posts\/12702\/revisions"}],"predecessor-version":[{"id":12704,"href":"https:\/\/face.unt.edu.ar\/web\/wp-json\/wp\/v2\/posts\/12702\/revisions\/12704"}],"wp:featuredmedia":[{"embeddable":true,"href":"https:\/\/face.unt.edu.ar\/web\/wp-json\/wp\/v2\/media\/12703"}],"wp:attachment":[{"href":"https:\/\/face.unt.edu.ar\/web\/wp-json\/wp\/v2\/media?parent=12702"}],"wp:term":[{"taxonomy":"category","embeddable":true,"href":"https:\/\/face.unt.edu.ar\/web\/wp-json\/wp\/v2\/categories?post=12702"},{"taxonomy":"post_tag","embeddable":true,"href":"https:\/\/face.unt.edu.ar\/web\/wp-json\/wp\/v2\/tags?post=12702"}],"curies":[{"name":"wp","href":"https:\/\/api.w.org\/{rel}","templated":true}]}}