{"id":12792,"date":"2021-11-05T16:06:39","date_gmt":"2021-11-05T16:06:39","guid":{"rendered":"https:\/\/face.unt.edu.ar\/web\/?p=12792"},"modified":"2021-11-05T16:07:38","modified_gmt":"2021-11-05T16:07:38","slug":"capacitacion-docente-3-0-fortalecimiento-de-ensenanza-y-aprendizaje-en-entornos-virtuales","status":"publish","type":"post","link":"https:\/\/face.unt.edu.ar\/web\/blog\/capacitacion-docente-3-0-fortalecimiento-de-ensenanza-y-aprendizaje-en-entornos-virtuales\/","title":{"rendered":"Capacitaci\u00f3n \u201cDocente 3.0. &#8211; Fortalecimiento de ense\u00f1anza y aprendizaje en entornos virtuales\u00bb"},"content":{"rendered":"<p>En el marco del Proyecto de apoyo a las estrategias para la Virtualizaci\u00f3n de la Ense\u00f1anza, se llevar\u00e1 a cabo la capacitaci\u00f3n\u00a0<strong>\u201cDocente 3.0. &#8211; Fortalecimiento de ense\u00f1anza y aprendizaje en entornos virtuales\u201d.<\/strong>\u00a0Tendr\u00e1 lugar \u00a0los d\u00edas\u00a0<strong>09 y 16 de noviembre,<\/strong>\u00a0de\u00a0<strong>17:00 a 18:30 horas<\/strong>,\u00a0\u00a0<strong>en el Laboratorio Gamma<\/strong>\u00a0<strong>(ex Aula 4) de la Facultad de Ciencias Econ\u00f3micas de la UNT.<\/strong><\/p>\n<p>Est\u00e1\u00a0<strong>destinado a<\/strong>\u00a0<strong>Docentes<\/strong>\u00a0<strong>y<\/strong>\u00a0<strong>ayudantes estudiantiles<\/strong>.<\/p>\n<p><strong>Los temas<\/strong>\u00a0que se abordar\u00e1n son:<\/p>\n<p>-Competencias digitales.<br \/>\n-Dise\u00f1o de contenidos.<br \/>\n-Gesti\u00f3n de entornos virtuales.<br \/>\n-Perfil profesional docente.<\/p>\n<p>La capacitaci\u00f3n estar\u00e1 a cargo de las Docentes\u00a0<strong>CPN Elisa De Rosa<\/strong>\u00a0y\u00a0<strong>CPN Luciana Raquel Castillo.<\/strong><\/p>\n<p>Los\u00a0<strong>cupos son \u00a0limitados<\/strong>.<\/p>\n<p>Inversi\u00f3n: $200.-<\/p>\n<p>Los interesados deben\u00a0<strong>inscribirse hasta el 08 de noviembre<\/strong>\u00a0 haciendo clic en el siguiente enlace: <strong><a href=\"https:\/\/forms.gle\/RjSfnGfe4KBsTpKt5\" target=\"_blank\" rel=\"noopener\" data-saferedirecturl=\"https:\/\/www.google.com\/url?q=https:\/\/forms.gle\/RjSfnGfe4KBsTpKt5&amp;source=gmail&amp;ust=1636203886423000&amp;usg=AOvVaw0t9mzHBxm2_7J238qA3fUE\">https:\/\/forms.gle\/RjSfnGfe4KBsTpKt5<\/a><\/strong><\/p>\n<p><img decoding=\"async\" loading=\"lazy\" class=\" wp-image-12800 aligncenter\" src=\"https:\/\/face.unt.edu.ar\/web\/wp-content\/uploads\/2021\/11\/flayer-docentes-3.0-300x300.png\" alt=\"\" width=\"471\" height=\"471\" srcset=\"https:\/\/face.unt.edu.ar\/web\/wp-content\/uploads\/2021\/11\/flayer-docentes-3.0-300x300.png 300w, https:\/\/face.unt.edu.ar\/web\/wp-content\/uploads\/2021\/11\/flayer-docentes-3.0-1024x1024.png 1024w, https:\/\/face.unt.edu.ar\/web\/wp-content\/uploads\/2021\/11\/flayer-docentes-3.0-150x150.png 150w, https:\/\/face.unt.edu.ar\/web\/wp-content\/uploads\/2021\/11\/flayer-docentes-3.0-768x768.png 768w, https:\/\/face.unt.edu.ar\/web\/wp-content\/uploads\/2021\/11\/flayer-docentes-3.0-696x696.png 696w, https:\/\/face.unt.edu.ar\/web\/wp-content\/uploads\/2021\/11\/flayer-docentes-3.0-1068x1068.png 1068w, https:\/\/face.unt.edu.ar\/web\/wp-content\/uploads\/2021\/11\/flayer-docentes-3.0-420x420.png 420w, https:\/\/face.unt.edu.ar\/web\/wp-content\/uploads\/2021\/11\/flayer-docentes-3.0-840x840.png 840w, https:\/\/face.unt.edu.ar\/web\/wp-content\/uploads\/2021\/11\/flayer-docentes-3.0.png 1080w\" sizes=\"(max-width: 471px) 100vw, 471px\" \/><\/p>\n","protected":false},"excerpt":{"rendered":"<p>En el marco del Proyecto de apoyo a las estrategias para la Virtualizaci\u00f3n de la Ense\u00f1anza, se llevar\u00e1 a cabo la capacitaci\u00f3n\u00a0\u201cDocente 3.0. &#8211; Fortalecimiento de ense\u00f1anza y aprendizaje en entornos virtuales\u201d.\u00a0Tendr\u00e1 lugar \u00a0los d\u00edas\u00a009 y 16 de noviembre,\u00a0de\u00a017:00 a 18:30 horas,\u00a0\u00a0en el Laboratorio Gamma\u00a0(ex Aula 4) de la Facultad de Ciencias Econ\u00f3micas de la [&hellip;]<\/p>\n","protected":false},"author":2,"featured_media":12793,"comment_status":"open","ping_status":"open","sticky":false,"template":"","format":"standard","meta":{"_et_pb_use_builder":"","_et_pb_old_content":"","_et_gb_content_width":"","footnotes":""},"categories":[4],"tags":[572],"_links":{"self":[{"href":"https:\/\/face.unt.edu.ar\/web\/wp-json\/wp\/v2\/posts\/12792"}],"collection":[{"href":"https:\/\/face.unt.edu.ar\/web\/wp-json\/wp\/v2\/posts"}],"about":[{"href":"https:\/\/face.unt.edu.ar\/web\/wp-json\/wp\/v2\/types\/post"}],"author":[{"embeddable":true,"href":"https:\/\/face.unt.edu.ar\/web\/wp-json\/wp\/v2\/users\/2"}],"replies":[{"embeddable":true,"href":"https:\/\/face.unt.edu.ar\/web\/wp-json\/wp\/v2\/comments?post=12792"}],"version-history":[{"count":2,"href":"https:\/\/face.unt.edu.ar\/web\/wp-json\/wp\/v2\/posts\/12792\/revisions"}],"predecessor-version":[{"id":12801,"href":"https:\/\/face.unt.edu.ar\/web\/wp-json\/wp\/v2\/posts\/12792\/revisions\/12801"}],"wp:featuredmedia":[{"embeddable":true,"href":"https:\/\/face.unt.edu.ar\/web\/wp-json\/wp\/v2\/media\/12793"}],"wp:attachment":[{"href":"https:\/\/face.unt.edu.ar\/web\/wp-json\/wp\/v2\/media?parent=12792"}],"wp:term":[{"taxonomy":"category","embeddable":true,"href":"https:\/\/face.unt.edu.ar\/web\/wp-json\/wp\/v2\/categories?post=12792"},{"taxonomy":"post_tag","embeddable":true,"href":"https:\/\/face.unt.edu.ar\/web\/wp-json\/wp\/v2\/tags?post=12792"}],"curies":[{"name":"wp","href":"https:\/\/api.w.org\/{rel}","templated":true}]}}