{"id":12811,"date":"2021-11-08T08:30:41","date_gmt":"2021-11-08T08:30:41","guid":{"rendered":"https:\/\/face.unt.edu.ar\/web\/?p=12811"},"modified":"2021-11-05T18:48:56","modified_gmt":"2021-11-05T18:48:56","slug":"abrio-la-convocatoria-a-las-becas-evc-cin-2021-estimulo-a-la-vocaciones-cientificas","status":"publish","type":"post","link":"https:\/\/face.unt.edu.ar\/web\/blog\/abrio-la-convocatoria-a-las-becas-evc-cin-2021-estimulo-a-la-vocaciones-cientificas\/","title":{"rendered":"Abri\u00f3 la Convocatoria a las Becas EVC CIN 2021 \u2013 Est\u00edmulo a la Vocaciones Cient\u00edficas"},"content":{"rendered":"<p>En el marco del\u00a0<strong>\u00abPlan de Fortalecimiento de la Investigaci\u00f3n Cient\u00edfica, el Desarrollo Tecnol\u00f3gico y la Innovaci\u00f3n en las Universidades Nacionales\u00bb<\/strong>, el\u00a0<strong>Consejo Interuniversitario Nacional (CIN)<\/strong>\u00a0otorgar\u00e1<strong>\u00a0Becas\u00a0de<\/strong>\u00a0<strong>Est\u00edmulo a las Vocaciones Cient\u00edficas<\/strong>\u00a0<strong>(Becas\u00a0EVC \u2013\u00a0CIN) para estudiantes universitarios de grado<\/strong>\u00a0que deseen iniciar su formaci\u00f3n en investigaci\u00f3n en el marco de proyectos de investigaci\u00f3n acreditados, que se desarrollen en el \u00e1mbito de las instituciones universitarias p\u00fablicas y que cuenten con financiamiento, en\u00a0<strong>disciplinas cient\u00edficas, human\u00edsticas, tecnol\u00f3gicas o art\u00edsticas.<\/strong><\/p>\n<p>La convocatoria est\u00e1 abierta desde el\u00a0<strong>01 de noviembre<\/strong> y\u00a0<strong>\u00a0cerrar\u00e1\u00a0el viernes 03 de diciembre de 2021,\u00a0\u00a0a las<\/strong>\u00a0<strong>13 horas.<\/strong><\/p>\n<p>&nbsp;<\/p>\n<p><strong>Requisitos:<\/strong><\/p>\n<p>*Los CV de los Directores deben ser en formato\u00a0<strong>SIGEVA o CVAr.<\/strong><\/p>\n<p>*Los postulantes deben ser\u00a0<strong>alumnos<\/strong>\u00a0<strong>regulares\u00a0<\/strong>al momento de tomar posesi\u00f3n de la\u00a0beca\u00a0(01\/09\/2022)<\/p>\n<p>*La\u00a0beca\u00a0es compatible con una actividad rentada de hasta 20 horas semanales, o si tuvieren ayudas econ\u00f3micas (no relacionadas con investigaci\u00f3n)<\/p>\n<p>*Las firmas solicitadas en la ficha de inscripci\u00f3n pueden ser todas digitales.<\/p>\n<p>&nbsp;<\/p>\n<p>Para m\u00e1s informaci\u00f3n ingresar al sitio oficial\u00a0\u00a0<a href=\"http:\/\/evc.cin.edu.ar\/\" target=\"_blank\" rel=\"noopener\">http:\/\/evc.cin.edu.ar\/<\/a><\/p>\n<p>O contactarse al e-mail con Alejandra Romero de la\u00a0Secretar\u00eda de Ciencia, Arte e Innovaci\u00f3n Tecnol\u00f3gica UNT:<\/p>\n<p>Correo electr\u00f3nico:\u00a0 \u00a0<a href=\"mailto:alejandraromero@ct.unt.edu.ar\">alejandraromero@ct.unt.edu.ar<\/a><\/p>\n<p>Tel\u00e9fono: 4300127 \/ 4311200 int. 202 (lunes a viernes de 08:30 a 12:30 hs.)<\/p>\n<p>Adem\u00e1s, si desean \u00a0mayor informaci\u00f3n y descargar documentos relacionados, pueden visitar:\u00a0<a href=\"http:\/\/scait.ct.unt.edu.ar\/becas-evc-cin-2021\/\" target=\"_blank\" rel=\"noopener\">http:\/\/scait.ct.unt.edu.ar\/becas-evc-cin-2021\/<\/a><\/p>\n<p>&nbsp;<\/p>\n","protected":false},"excerpt":{"rendered":"<p>En el marco del\u00a0\u00abPlan de Fortalecimiento de la Investigaci\u00f3n Cient\u00edfica, el Desarrollo Tecnol\u00f3gico y la Innovaci\u00f3n en las Universidades Nacionales\u00bb, el\u00a0Consejo Interuniversitario Nacional (CIN)\u00a0otorgar\u00e1\u00a0Becas\u00a0de\u00a0Est\u00edmulo a las Vocaciones Cient\u00edficas\u00a0(Becas\u00a0EVC \u2013\u00a0CIN) para estudiantes universitarios de grado\u00a0que deseen iniciar su formaci\u00f3n en investigaci\u00f3n en el marco de proyectos de investigaci\u00f3n acreditados, que se desarrollen en el \u00e1mbito de [&hellip;]<\/p>\n","protected":false},"author":2,"featured_media":12812,"comment_status":"open","ping_status":"open","sticky":false,"template":"","format":"standard","meta":{"_et_pb_use_builder":"","_et_pb_old_content":"","_et_gb_content_width":"","footnotes":""},"categories":[237,4],"tags":[427],"_links":{"self":[{"href":"https:\/\/face.unt.edu.ar\/web\/wp-json\/wp\/v2\/posts\/12811"}],"collection":[{"href":"https:\/\/face.unt.edu.ar\/web\/wp-json\/wp\/v2\/posts"}],"about":[{"href":"https:\/\/face.unt.edu.ar\/web\/wp-json\/wp\/v2\/types\/post"}],"author":[{"embeddable":true,"href":"https:\/\/face.unt.edu.ar\/web\/wp-json\/wp\/v2\/users\/2"}],"replies":[{"embeddable":true,"href":"https:\/\/face.unt.edu.ar\/web\/wp-json\/wp\/v2\/comments?post=12811"}],"version-history":[{"count":3,"href":"https:\/\/face.unt.edu.ar\/web\/wp-json\/wp\/v2\/posts\/12811\/revisions"}],"predecessor-version":[{"id":12815,"href":"https:\/\/face.unt.edu.ar\/web\/wp-json\/wp\/v2\/posts\/12811\/revisions\/12815"}],"wp:featuredmedia":[{"embeddable":true,"href":"https:\/\/face.unt.edu.ar\/web\/wp-json\/wp\/v2\/media\/12812"}],"wp:attachment":[{"href":"https:\/\/face.unt.edu.ar\/web\/wp-json\/wp\/v2\/media?parent=12811"}],"wp:term":[{"taxonomy":"category","embeddable":true,"href":"https:\/\/face.unt.edu.ar\/web\/wp-json\/wp\/v2\/categories?post=12811"},{"taxonomy":"post_tag","embeddable":true,"href":"https:\/\/face.unt.edu.ar\/web\/wp-json\/wp\/v2\/tags?post=12811"}],"curies":[{"name":"wp","href":"https:\/\/api.w.org\/{rel}","templated":true}]}}