{"id":12865,"date":"2021-11-10T16:10:26","date_gmt":"2021-11-10T16:10:26","guid":{"rendered":"https:\/\/face.unt.edu.ar\/web\/?p=12865"},"modified":"2021-11-10T16:10:26","modified_gmt":"2021-11-10T16:10:26","slug":"webinar-sobre-como-aplicar-a-un-doctorado-en-estados-unidos-y-europa","status":"publish","type":"post","link":"https:\/\/face.unt.edu.ar\/web\/blog\/webinar-sobre-como-aplicar-a-un-doctorado-en-estados-unidos-y-europa\/","title":{"rendered":"Webinar sobre c\u00f3mo aplicar a un Doctorado en Estados Unidos y Europa"},"content":{"rendered":"<div class=\"o9v6fnle cxmmr5t8 oygrvhab hcukyx3x c1et5uql ii04i59q\">\n<div dir=\"auto\">Se llev\u00f3 a cabo un seminario online para estudiantes de la Maestr\u00eda en Econom\u00eda, que estuvo a cargo de los licenciados Andr\u00e9s Ramasco y Sebasti\u00e1n Mena, graduados de nuestra Facultad de Ciencias Econ\u00f3micas de la Licenciatura en Econom\u00eda, quienes se refirieron al proceso de aplicaci\u00f3n de Doctorado en Estados Unidos y Europa.<\/div>\n<div dir=\"auto\"><\/div>\n<\/div>\n<div class=\"o9v6fnle cxmmr5t8 oygrvhab hcukyx3x c1et5uql ii04i59q\">\n<div dir=\"auto\">El objetivo de la presentaci\u00f3n fue que los alumnos aprendan sobre el proceso de aplicaci\u00f3n de un Doctorado, posibilidades de financiamiento y la elecci\u00f3n de las Universidades. En particular, los ex\u00e1menes internacionales necesarios, la selecci\u00f3n de las cartas de recomendaci\u00f3n, statement of purpose y personalstatement, anal\u00edticos y dem\u00e1s documentaci\u00f3n.<\/div>\n<div dir=\"auto\"><\/div>\n<\/div>\n<div dir=\"auto\"><a href=\"https:\/\/face.unt.edu.ar\/web\/wp-content\/uploads\/2021\/11\/1-1.png\"><img decoding=\"async\" loading=\"lazy\" class=\"alignnone  wp-image-12869\" src=\"https:\/\/face.unt.edu.ar\/web\/wp-content\/uploads\/2021\/11\/1-1-300x172.png\" alt=\"\" width=\"483\" height=\"277\" srcset=\"https:\/\/face.unt.edu.ar\/web\/wp-content\/uploads\/2021\/11\/1-1-300x172.png 300w, https:\/\/face.unt.edu.ar\/web\/wp-content\/uploads\/2021\/11\/1-1-1024x587.png 1024w, https:\/\/face.unt.edu.ar\/web\/wp-content\/uploads\/2021\/11\/1-1-768x441.png 768w, https:\/\/face.unt.edu.ar\/web\/wp-content\/uploads\/2021\/11\/1-1-696x399.png 696w, https:\/\/face.unt.edu.ar\/web\/wp-content\/uploads\/2021\/11\/1-1-1068x613.png 1068w, https:\/\/face.unt.edu.ar\/web\/wp-content\/uploads\/2021\/11\/1-1-732x420.png 732w, https:\/\/face.unt.edu.ar\/web\/wp-content\/uploads\/2021\/11\/1-1.png 1365w\" sizes=\"(max-width: 483px) 100vw, 483px\" \/><\/a><\/div>\n<div dir=\"auto\"><\/div>\n<div class=\"o9v6fnle cxmmr5t8 oygrvhab hcukyx3x c1et5uql ii04i59q\">\n<div dir=\"auto\">Cabe mencionar que el Lic. Andr\u00e9s Ramasco es alumno de la Maestr\u00eda en Econom\u00eda(cohorte 2020-2021) que se dicta en nuestra Facultad, y se encuentra realizando su Doctorado en University of Notre Dame.<\/div>\n<div dir=\"auto\">Por su parte, el Lic. Sebasti\u00e1n Mena, es investigador y Docente de nuestra Facultad. Est\u00e1 cursando el Doctorado en Brown University.<\/div>\n<div dir=\"auto\"><\/div>\n<\/div>\n<div class=\"o9v6fnle cxmmr5t8 oygrvhab hcukyx3x c1et5uql ii04i59q\">\n<div dir=\"auto\">\u201cEn nuestra Maestr\u00eda tenemos un gran inter\u00e9s en que nuestros alumnos contin\u00faen su carrera acad\u00e9mica por eso generamos este tipo de intercambios\u201d, explicaron el Director de la Maestr\u00eda, PhD. V\u00edctor El\u00edas, y el Codirector,. MSc. Alejandro Dan\u00f3n.<\/div>\n<div dir=\"auto\"><\/div>\n<p><a href=\"https:\/\/face.unt.edu.ar\/web\/wp-content\/uploads\/2021\/11\/3.png\"><img decoding=\"async\" loading=\"lazy\" class=\"alignnone  wp-image-12866\" src=\"https:\/\/face.unt.edu.ar\/web\/wp-content\/uploads\/2021\/11\/3-300x142.png\" alt=\"\" width=\"488\" height=\"231\" srcset=\"https:\/\/face.unt.edu.ar\/web\/wp-content\/uploads\/2021\/11\/3-300x142.png 300w, https:\/\/face.unt.edu.ar\/web\/wp-content\/uploads\/2021\/11\/3.png 559w\" sizes=\"(max-width: 488px) 100vw, 488px\" \/><\/a><\/p>\n<div dir=\"auto\"><\/div>\n<\/div>\n","protected":false},"excerpt":{"rendered":"<p>Se llev\u00f3 a cabo un seminario online para estudiantes de la Maestr\u00eda en Econom\u00eda, que estuvo a cargo de los licenciados Andr\u00e9s Ramasco y Sebasti\u00e1n Mena, graduados de nuestra Facultad de Ciencias Econ\u00f3micas de la Licenciatura en Econom\u00eda, quienes se refirieron al proceso de aplicaci\u00f3n de Doctorado en Estados Unidos y Europa. El objetivo de [&hellip;]<\/p>\n","protected":false},"author":123457,"featured_media":12869,"comment_status":"open","ping_status":"open","sticky":false,"template":"","format":"standard","meta":{"_et_pb_use_builder":"","_et_pb_old_content":"","_et_gb_content_width":"","footnotes":""},"categories":[4],"tags":[],"_links":{"self":[{"href":"https:\/\/face.unt.edu.ar\/web\/wp-json\/wp\/v2\/posts\/12865"}],"collection":[{"href":"https:\/\/face.unt.edu.ar\/web\/wp-json\/wp\/v2\/posts"}],"about":[{"href":"https:\/\/face.unt.edu.ar\/web\/wp-json\/wp\/v2\/types\/post"}],"author":[{"embeddable":true,"href":"https:\/\/face.unt.edu.ar\/web\/wp-json\/wp\/v2\/users\/123457"}],"replies":[{"embeddable":true,"href":"https:\/\/face.unt.edu.ar\/web\/wp-json\/wp\/v2\/comments?post=12865"}],"version-history":[{"count":3,"href":"https:\/\/face.unt.edu.ar\/web\/wp-json\/wp\/v2\/posts\/12865\/revisions"}],"predecessor-version":[{"id":12872,"href":"https:\/\/face.unt.edu.ar\/web\/wp-json\/wp\/v2\/posts\/12865\/revisions\/12872"}],"wp:featuredmedia":[{"embeddable":true,"href":"https:\/\/face.unt.edu.ar\/web\/wp-json\/wp\/v2\/media\/12869"}],"wp:attachment":[{"href":"https:\/\/face.unt.edu.ar\/web\/wp-json\/wp\/v2\/media?parent=12865"}],"wp:term":[{"taxonomy":"category","embeddable":true,"href":"https:\/\/face.unt.edu.ar\/web\/wp-json\/wp\/v2\/categories?post=12865"},{"taxonomy":"post_tag","embeddable":true,"href":"https:\/\/face.unt.edu.ar\/web\/wp-json\/wp\/v2\/tags?post=12865"}],"curies":[{"name":"wp","href":"https:\/\/api.w.org\/{rel}","templated":true}]}}