{"id":13203,"date":"2021-12-28T18:16:28","date_gmt":"2021-12-28T18:16:28","guid":{"rendered":"https:\/\/face.unt.edu.ar\/web\/?p=13203"},"modified":"2021-12-28T18:16:28","modified_gmt":"2021-12-28T18:16:28","slug":"examenes-de-febrero-marzo-2022","status":"publish","type":"post","link":"https:\/\/face.unt.edu.ar\/web\/blog\/examenes-de-febrero-marzo-2022\/","title":{"rendered":"Ex\u00e1menes de Febrero &#8211; Marzo 2022"},"content":{"rendered":"<p style=\"line-height: 19.5pt;background: white;margin: 0cm 0cm 19.5pt 0cm\"><span style=\"font-size: 11.5pt;font-family: 'Verdana',sans-serif;color: #222222\">La\u00a0<strong><span style=\"font-family: 'Verdana',sans-serif\">Facultad de Ciencias Econ\u00f3micas de la Universidad Nacional de Tucum\u00e1n<\/span><\/strong>\u00a0informa las fechas en que tendr\u00e1 lugar la\u00a0<strong><span style=\"font-family: 'Verdana',sans-serif\">Mesa de Ex\u00e1menes de Febrero \u2013 Marzo 2022.<\/span><\/strong><\/span><\/p>\n<p style=\"line-height: 19.5pt;background: white;text-align: start;margin: 0cm 0cm 19.5pt 0cm\"><span style=\"font-size: 11.5pt;font-family: 'Verdana',sans-serif;color: #222222\">Seg\u00fan lo establecido por la\u00a0<strong><span style=\"font-family: 'Verdana',sans-serif\">Resoluci\u00f3n 753-D-21<\/span><\/strong>, el\u00a0<strong><span style=\"font-family: 'Verdana',sans-serif\">Primer y Segundo Llamados<\/span><\/strong>, para las carreras de Contador P\u00fablico, Licenciado en Econom\u00eda y Licenciado en Administraci\u00f3n; se desarrollar\u00e1n de la siguiente manera:<\/span><\/p>\n<p style=\"line-height: 19.5pt;background: white;text-align: start;margin: 0cm 0cm 19.5pt 0cm\"><strong><span style=\"font-size: 11.5pt;font-family: 'Verdana',sans-serif;color: #222222\">Primer llamado: 14, 15, 16, 17 y 18 de Febrero de 2022.<\/span><\/strong><\/p>\n<p style=\"line-height: 19.5pt;background: white;text-align: start;margin: 0cm 0cm 19.5pt 0cm\"><strong><span style=\"font-size: 11.5pt;font-family: 'Verdana',sans-serif;color: #222222\">Segundo llamado: 07, 08, 09, 10 y 11 de Marzo de 2022.<\/span><\/strong><\/p>\n<p style=\"line-height: 19.5pt;background: white;text-align: start;margin: 0cm 0cm 19.5pt 0cm\"><span style=\"font-size: 11.5pt;font-family: 'Verdana',sans-serif;color: #222222\">Cabe destacar que para las\u00a0<strong><span style=\"font-family: 'Verdana',sans-serif\">inscripciones\u00a0<\/span><\/strong>se establecieron las siguientes fechas:<\/span><\/p>\n<p style=\"line-height: 19.5pt;background: white;text-align: start;margin: 0cm 0cm 19.5pt 0cm\"><strong><span style=\"font-size: 11.5pt;font-family: 'Verdana',sans-serif;color: #222222\">Primer llamado: 07 y 08 de Febrero de 2022.<\/span><\/strong><\/p>\n<p style=\"line-height: 19.5pt;background: white;text-align: start;margin: 0cm 0cm 19.5pt 0cm\"><strong><span style=\"font-size: 11.5pt;font-family: 'Verdana',sans-serif;color: #222222\">Segundo llamado: 28 de Febrero y 01 de Marzo de 2022.<\/span><\/strong><\/p>\n<p style=\"line-height: 19.5pt;background: white;margin: 0cm 0cm 19.5pt 0cm\"><span style=\"font-size: 11.5pt;font-family: 'Verdana',sans-serif;color: #222222\">Se adjunta la Resoluci\u00f3n, antes mencionada, donde est\u00e1 el detalle de los tribunales examinadores en cada asignatura, con fecha y horario correspondiente.<\/span><\/p>\n<p style=\"line-height: 19.5pt;background: white;text-align: start;margin: 0cm 0cm 19.5pt 0cm\"><a href=\"https:\/\/drive.google.com\/file\/d\/1fiIR90qgD8rpLtnhtBm2bn4PNvLi1O0q\/view?usp=sharing\" target=\"_blank\" rel=\"noopener\"><strong><span style=\"font-size: 11.5pt;font-family: 'Verdana',sans-serif;color: #155f84\">Hacer clic aqu\u00ed para descargar la Resoluci\u00f3n 753-D-21.<\/span><\/strong><\/a><\/p>\n","protected":false},"excerpt":{"rendered":"<p>La\u00a0Facultad de Ciencias Econ\u00f3micas de la Universidad Nacional de Tucum\u00e1n\u00a0informa las fechas en que tendr\u00e1 lugar la\u00a0Mesa de Ex\u00e1menes de Febrero \u2013 Marzo 2022. Seg\u00fan lo establecido por la\u00a0Resoluci\u00f3n 753-D-21, el\u00a0Primer y Segundo Llamados, para las carreras de Contador P\u00fablico, Licenciado en Econom\u00eda y Licenciado en Administraci\u00f3n; se desarrollar\u00e1n de la siguiente manera: Primer llamado: [&hellip;]<\/p>\n","protected":false},"author":2,"featured_media":10580,"comment_status":"open","ping_status":"open","sticky":false,"template":"","format":"standard","meta":{"_et_pb_use_builder":"","_et_pb_old_content":"","_et_gb_content_width":"","footnotes":""},"categories":[4],"tags":[],"_links":{"self":[{"href":"https:\/\/face.unt.edu.ar\/web\/wp-json\/wp\/v2\/posts\/13203"}],"collection":[{"href":"https:\/\/face.unt.edu.ar\/web\/wp-json\/wp\/v2\/posts"}],"about":[{"href":"https:\/\/face.unt.edu.ar\/web\/wp-json\/wp\/v2\/types\/post"}],"author":[{"embeddable":true,"href":"https:\/\/face.unt.edu.ar\/web\/wp-json\/wp\/v2\/users\/2"}],"replies":[{"embeddable":true,"href":"https:\/\/face.unt.edu.ar\/web\/wp-json\/wp\/v2\/comments?post=13203"}],"version-history":[{"count":1,"href":"https:\/\/face.unt.edu.ar\/web\/wp-json\/wp\/v2\/posts\/13203\/revisions"}],"predecessor-version":[{"id":13204,"href":"https:\/\/face.unt.edu.ar\/web\/wp-json\/wp\/v2\/posts\/13203\/revisions\/13204"}],"wp:featuredmedia":[{"embeddable":true,"href":"https:\/\/face.unt.edu.ar\/web\/wp-json\/wp\/v2\/media\/10580"}],"wp:attachment":[{"href":"https:\/\/face.unt.edu.ar\/web\/wp-json\/wp\/v2\/media?parent=13203"}],"wp:term":[{"taxonomy":"category","embeddable":true,"href":"https:\/\/face.unt.edu.ar\/web\/wp-json\/wp\/v2\/categories?post=13203"},{"taxonomy":"post_tag","embeddable":true,"href":"https:\/\/face.unt.edu.ar\/web\/wp-json\/wp\/v2\/tags?post=13203"}],"curies":[{"name":"wp","href":"https:\/\/api.w.org\/{rel}","templated":true}]}}