{"id":13349,"date":"2022-03-05T14:18:40","date_gmt":"2022-03-05T14:18:40","guid":{"rendered":"https:\/\/face.unt.edu.ar\/web\/?p=13349"},"modified":"2022-03-05T14:18:40","modified_gmt":"2022-03-05T14:18:40","slug":"ya-salio-el-nuevo-numero-de-economicas-digital-no-te-lo-pierdas","status":"publish","type":"post","link":"https:\/\/face.unt.edu.ar\/web\/blog\/ya-salio-el-nuevo-numero-de-economicas-digital-no-te-lo-pierdas\/","title":{"rendered":"Ya sali\u00f3 el nuevo n\u00famero de \u00abEcon\u00f3micas Digital\u00bb &#8211; No te lo pierdas!"},"content":{"rendered":"<p>Ya sali\u00f3 la edici\u00f3n n\u00famero 8 de <strong>\u00abEcon\u00f3micas Digital\u00bb<\/strong>, la revista institucional online de nuestra Facultad de Ciencias Econ\u00f3micas de la UNT. Te invitamos a leerla!!!<\/p>\n<p>En el editorial el Decano de nuestra Facultad, <strong>Mg. Jos\u00e9 Luis Jim\u00e9nez<\/strong>, reflexiona sobre los <strong>desaf\u00edos de la educaci\u00f3n p\u00fablica<\/strong> en el contexto actual, pensando en las nuevas formas de aprender y de ense\u00f1ar en nuestras aulas.<\/p>\n<p>Adem\u00e1s, presentamos una <strong>entrevista al Ph.D. Mario Catal\u00e1n<\/strong>, graduado de la Licenciatura en Econom\u00eda de nuestra Casa de Altos Estudios, quien actualmente se encuentra trabajando en Washington DC \u2013 EEUU, en el Fondo Monetario Internacional.<\/p>\n<p>El art\u00edculo de opini\u00f3n en este caso, est\u00e1 a cargo del <strong>Esp. Luis Alberto Comba<\/strong>, quien brinda su punto de vista sobre el <strong>\u201cPerfil del futuro profesional en Ciencias Econ\u00f3micas\u201d<\/strong>.<\/p>\n<p>Por otro lado, <strong>Anal\u00eda Timo<\/strong>, estudiante de la carrera de Contador P\u00fablico Nacional, nos cuenta <strong>su experiencia<\/strong> y los desaf\u00edos que tuvo que enfrentar: <strong>pandemia, maternidad y el cursado de Pr\u00e1ctica Profesional II a distancia<\/strong>.<\/p>\n<p>Tambi\u00e9n en esta edici\u00f3n, presentamos el <strong>trabajo de investigaci\u00f3n \u201cEl regreso a la educaci\u00f3n presencial durante la pandemia del covid-19 y su efecto en los casos confirmados en Argentina\u201d, de Benjam\u00edn G\u00f3mez Alonso y Daniel Seid\u00e1n Boquete<\/strong>, graduados de la Licenciatura en econom\u00eda de nuestra Facultad.<\/p>\n<p><a href=\"https:\/\/drive.google.com\/file\/d\/1t22oHcwUPjkbnN37kahkG5la3Xp4xt5c\/view?usp=sharing\" target=\"_blank\" rel=\"noopener\"><strong>Pod\u00e9s leer y descargar el N\u00b0 8 de Econ\u00f3micas Digital haciendo clic aqu\u00ed.<\/strong><\/a><\/p>\n<p>&nbsp;<\/p>\n","protected":false},"excerpt":{"rendered":"<p>Ya sali\u00f3 la edici\u00f3n n\u00famero 8 de \u00abEcon\u00f3micas Digital\u00bb, la revista institucional online de nuestra Facultad de Ciencias Econ\u00f3micas de la UNT. Te invitamos a leerla!!! En el editorial el Decano de nuestra Facultad, Mg. Jos\u00e9 Luis Jim\u00e9nez, reflexiona sobre los desaf\u00edos de la educaci\u00f3n p\u00fablica en el contexto actual, pensando en las nuevas formas [&hellip;]<\/p>\n","protected":false},"author":2,"featured_media":13353,"comment_status":"open","ping_status":"open","sticky":false,"template":"","format":"standard","meta":{"_et_pb_use_builder":"","_et_pb_old_content":"","_et_gb_content_width":"","footnotes":""},"categories":[4],"tags":[],"_links":{"self":[{"href":"https:\/\/face.unt.edu.ar\/web\/wp-json\/wp\/v2\/posts\/13349"}],"collection":[{"href":"https:\/\/face.unt.edu.ar\/web\/wp-json\/wp\/v2\/posts"}],"about":[{"href":"https:\/\/face.unt.edu.ar\/web\/wp-json\/wp\/v2\/types\/post"}],"author":[{"embeddable":true,"href":"https:\/\/face.unt.edu.ar\/web\/wp-json\/wp\/v2\/users\/2"}],"replies":[{"embeddable":true,"href":"https:\/\/face.unt.edu.ar\/web\/wp-json\/wp\/v2\/comments?post=13349"}],"version-history":[{"count":4,"href":"https:\/\/face.unt.edu.ar\/web\/wp-json\/wp\/v2\/posts\/13349\/revisions"}],"predecessor-version":[{"id":13354,"href":"https:\/\/face.unt.edu.ar\/web\/wp-json\/wp\/v2\/posts\/13349\/revisions\/13354"}],"wp:featuredmedia":[{"embeddable":true,"href":"https:\/\/face.unt.edu.ar\/web\/wp-json\/wp\/v2\/media\/13353"}],"wp:attachment":[{"href":"https:\/\/face.unt.edu.ar\/web\/wp-json\/wp\/v2\/media?parent=13349"}],"wp:term":[{"taxonomy":"category","embeddable":true,"href":"https:\/\/face.unt.edu.ar\/web\/wp-json\/wp\/v2\/categories?post=13349"},{"taxonomy":"post_tag","embeddable":true,"href":"https:\/\/face.unt.edu.ar\/web\/wp-json\/wp\/v2\/tags?post=13349"}],"curies":[{"name":"wp","href":"https:\/\/api.w.org\/{rel}","templated":true}]}}