{"id":13358,"date":"2022-03-05T14:15:29","date_gmt":"2022-03-05T14:15:29","guid":{"rendered":"https:\/\/face.unt.edu.ar\/web\/?p=13358"},"modified":"2022-03-05T14:15:29","modified_gmt":"2022-03-05T14:15:29","slug":"se-realizo-el-encuentro-de-decanos-de-la-redface-en-catamarca","status":"publish","type":"post","link":"https:\/\/face.unt.edu.ar\/web\/blog\/se-realizo-el-encuentro-de-decanos-de-la-redface-en-catamarca\/","title":{"rendered":"Se realiz\u00f3 el Encuentro de Decanos de la REDFACE en Catamarca"},"content":{"rendered":"<p>El Decano de nuestra <strong>Facultad de Ciencias Econ\u00f3micas de la UNT<\/strong>, <strong>Mg. Jos\u00e9 Luis Jim\u00e9nez<\/strong>, particip\u00f3 del <strong>Encuentro de Decanos de la REDFACE<\/strong> que se realiz\u00f3 en Catamarca, en la Facultad de Ciencias Econ\u00f3micas y de Administraci\u00f3n de la <strong>UNCA<\/strong>. Estuvo acompa\u00f1ado por la Vicedecana, <strong>Mg. Mar\u00eda Liliana Pacheco<\/strong>.<\/p>\n<p>En el Encuentro se trataron diversos proyectos que benefician a todas las facultades de Ciencias Econ\u00f3micas del NOA: Salta, Santiago del Estero, Jujuy, Catamarca, La Rioja y Tucum\u00e1n.<\/p>\n<p><img decoding=\"async\" loading=\"lazy\" class=\" wp-image-13360 aligncenter\" src=\"https:\/\/face.unt.edu.ar\/web\/wp-content\/uploads\/2022\/03\/275056059_2093548874147296_1814908495313749355_n-300x199.jpg\" alt=\"\" width=\"501\" height=\"332\" srcset=\"https:\/\/face.unt.edu.ar\/web\/wp-content\/uploads\/2022\/03\/275056059_2093548874147296_1814908495313749355_n-300x199.jpg 300w, https:\/\/face.unt.edu.ar\/web\/wp-content\/uploads\/2022\/03\/275056059_2093548874147296_1814908495313749355_n-768x509.jpg 768w, https:\/\/face.unt.edu.ar\/web\/wp-content\/uploads\/2022\/03\/275056059_2093548874147296_1814908495313749355_n-696x461.jpg 696w, https:\/\/face.unt.edu.ar\/web\/wp-content\/uploads\/2022\/03\/275056059_2093548874147296_1814908495313749355_n-634x420.jpg 634w, https:\/\/face.unt.edu.ar\/web\/wp-content\/uploads\/2022\/03\/275056059_2093548874147296_1814908495313749355_n.jpg 1024w\" sizes=\"(max-width: 501px) 100vw, 501px\" \/><\/p>\n<p>Se aprobaron los proyectos de: Movilidad Docente, Doctorado en Ciencias Econ\u00f3micas, Revista digital de la REDFACE, Encuentro Regional \u201cEstado y Administraci\u00f3n\u201d (que se desarrollar\u00e1 en el segundo semestre de 2022), Financiamiento de la Secretar\u00eda de Pol\u00edticas Universitarias (SPU) para proyectos de investigaci\u00f3n, Propuestas para generar Diplomaturas regionales.<\/p>\n<p><img decoding=\"async\" loading=\"lazy\" class=\" wp-image-13361 aligncenter\" src=\"https:\/\/face.unt.edu.ar\/web\/wp-content\/uploads\/2022\/03\/275053574_2093548724147311_6121934630247183990_n-300x199.jpg\" alt=\"\" width=\"492\" height=\"326\" srcset=\"https:\/\/face.unt.edu.ar\/web\/wp-content\/uploads\/2022\/03\/275053574_2093548724147311_6121934630247183990_n-300x199.jpg 300w, https:\/\/face.unt.edu.ar\/web\/wp-content\/uploads\/2022\/03\/275053574_2093548724147311_6121934630247183990_n-768x509.jpg 768w, https:\/\/face.unt.edu.ar\/web\/wp-content\/uploads\/2022\/03\/275053574_2093548724147311_6121934630247183990_n-696x461.jpg 696w, https:\/\/face.unt.edu.ar\/web\/wp-content\/uploads\/2022\/03\/275053574_2093548724147311_6121934630247183990_n-634x420.jpg 634w, https:\/\/face.unt.edu.ar\/web\/wp-content\/uploads\/2022\/03\/275053574_2093548724147311_6121934630247183990_n.jpg 1024w\" sizes=\"(max-width: 492px) 100vw, 492px\" \/><\/p>\n<p>Estas reuniones de Decanos del NOA nos permiten fortalecer la Universidad P\u00fablica a partir de la sinergia que se genera y la cooperaci\u00f3n mutua. Es muy importante la continuidad de estos espacios de debate y generaci\u00f3n de pol\u00edticas educativas, ya que brindan resultados con impacto regional.<\/p>\n<p>Seguimos gestionando desde nuestra Facultad de Ciencias Econ\u00f3micas de la UNT con hechos, imprescindibles para seguir creciendo como <strong>Facultad L\u00edder<\/strong>.<\/p>\n","protected":false},"excerpt":{"rendered":"<p>El Decano de nuestra Facultad de Ciencias Econ\u00f3micas de la UNT, Mg. Jos\u00e9 Luis Jim\u00e9nez, particip\u00f3 del Encuentro de Decanos de la REDFACE que se realiz\u00f3 en Catamarca, en la Facultad de Ciencias Econ\u00f3micas y de Administraci\u00f3n de la UNCA. Estuvo acompa\u00f1ado por la Vicedecana, Mg. Mar\u00eda Liliana Pacheco. En el Encuentro se trataron diversos [&hellip;]<\/p>\n","protected":false},"author":2,"featured_media":13359,"comment_status":"open","ping_status":"open","sticky":false,"template":"","format":"standard","meta":{"_et_pb_use_builder":"","_et_pb_old_content":"","_et_gb_content_width":"","footnotes":""},"categories":[4],"tags":[376,368],"_links":{"self":[{"href":"https:\/\/face.unt.edu.ar\/web\/wp-json\/wp\/v2\/posts\/13358"}],"collection":[{"href":"https:\/\/face.unt.edu.ar\/web\/wp-json\/wp\/v2\/posts"}],"about":[{"href":"https:\/\/face.unt.edu.ar\/web\/wp-json\/wp\/v2\/types\/post"}],"author":[{"embeddable":true,"href":"https:\/\/face.unt.edu.ar\/web\/wp-json\/wp\/v2\/users\/2"}],"replies":[{"embeddable":true,"href":"https:\/\/face.unt.edu.ar\/web\/wp-json\/wp\/v2\/comments?post=13358"}],"version-history":[{"count":1,"href":"https:\/\/face.unt.edu.ar\/web\/wp-json\/wp\/v2\/posts\/13358\/revisions"}],"predecessor-version":[{"id":13362,"href":"https:\/\/face.unt.edu.ar\/web\/wp-json\/wp\/v2\/posts\/13358\/revisions\/13362"}],"wp:featuredmedia":[{"embeddable":true,"href":"https:\/\/face.unt.edu.ar\/web\/wp-json\/wp\/v2\/media\/13359"}],"wp:attachment":[{"href":"https:\/\/face.unt.edu.ar\/web\/wp-json\/wp\/v2\/media?parent=13358"}],"wp:term":[{"taxonomy":"category","embeddable":true,"href":"https:\/\/face.unt.edu.ar\/web\/wp-json\/wp\/v2\/categories?post=13358"},{"taxonomy":"post_tag","embeddable":true,"href":"https:\/\/face.unt.edu.ar\/web\/wp-json\/wp\/v2\/tags?post=13358"}],"curies":[{"name":"wp","href":"https:\/\/api.w.org\/{rel}","templated":true}]}}