{"id":13431,"date":"2022-03-30T11:30:21","date_gmt":"2022-03-30T11:30:21","guid":{"rendered":"https:\/\/face.unt.edu.ar\/web\/?p=13431"},"modified":"2022-03-30T11:30:30","modified_gmt":"2022-03-30T11:30:30","slug":"inicio-una-nueva-temporada-de-nuestro-programa-de-radio-con-valor-agregado","status":"publish","type":"post","link":"https:\/\/face.unt.edu.ar\/web\/blog\/inicio-una-nueva-temporada-de-nuestro-programa-de-radio-con-valor-agregado\/","title":{"rendered":"Inici\u00f3 una nueva temporada de nuestro programa de radio Con Valor Agregado"},"content":{"rendered":"<p>Con una propuesta renovada, <strong>Con Valor Agregado<\/strong>, el programa de radio de la Facultad de Ciencias Econ\u00f3micas, inici\u00f3 su octava temporada.<\/p>\n<p>Durante 2022, el programa <strong>se emitir\u00e1<\/strong> como ya es habitual, <strong>todos los mi\u00e9rcoles, de 19:00 a 20:00 horas<\/strong>, por <strong>Radio Universidad FM 94.7<\/strong> &#8211; <strong>\u00a0<a href=\"https:\/\/64104.clicks.dattanet.com\/track\/click?u=2556865&amp;p=36343130343a313035353a3932373a303a323a30&amp;s=937c4a21c5b97ce9981bcccc3ecb6343&amp;m=8839\" target=\"_blank\" rel=\"noopener\" data-saferedirecturl=\"https:\/\/www.google.com\/url?q=https:\/\/64104.clicks.dattanet.com\/track\/click?u%3D2556865%26p%3D36343130343a313035353a3932373a303a323a30%26s%3D937c4a21c5b97ce9981bcccc3ecb6343%26m%3D8839&amp;source=gmail&amp;ust=1619115959347000&amp;usg=AFQjCNEXXngEPP6Scjn3knwCZJpbX1qY9g\">www.fm947universidad.com.ar<\/a><\/strong><\/p>\n<p>El espacio pondr\u00e1 al aire entrevistas, comentarios y columnas de temas de actualidad relacionados a la econom\u00eda, la administraci\u00f3n y las finanzas; informaci\u00f3n de los hechos m\u00e1s destacados en el \u00e1mbito acad\u00e9mico y, adem\u00e1s, profesionales e invitados especiales desarrollan el an\u00e1lisis econ\u00f3mico del momento.<\/p>\n<p>Cabe destacar que se trata de una propuesta producida \u00edntegramente por el \u00e1rea de Comunicaci\u00f3n de la Facultad de Ciencias Econ\u00f3micas.<\/p>\n<p>En su primer programa de este ciclo, Con Valor Agregado present\u00f3 el comentario del Decano de la Facultad, <strong>Mg. Jos\u00e9 Luis Jim\u00e9nez<\/strong>, y la vicedecana, <strong>Mg. Mar\u00eda Liliana Pacheco<\/strong>, quienes hablaron de las proyecciones para este a\u00f1o acad\u00e9mico.<\/p>\n<p>Por otro lado, en una entrevista, la <strong>Dra. Roberta Barros Meira<\/strong> (Brasil), cont\u00f3 sobre su trabajo de investigaci\u00f3n comparativa posdoctoral <strong>\u201cLa ciencia de dibujar paisajes agrarios: los Ministerios de Agricultura en Brasil y Argentina en la segunda mitad del siglo XIX hasta el primer cuarto del siglo XX\u201d<\/strong><strong>.<\/strong><\/p>\n<p>Adem\u00e1s, el <strong>Dr. V\u00edctor El\u00edas<\/strong> en su comentario, brind\u00f3 detalles de la carrera de posgrado Maestr\u00eda en Econom\u00eda que se dicta en nuestra Facultad.<\/p>\n<p>Los invitamos a sumarse a nuestro programa!<\/p>\n<p><img decoding=\"async\" loading=\"lazy\" class=\" wp-image-13433 aligncenter\" src=\"https:\/\/face.unt.edu.ar\/web\/wp-content\/uploads\/2022\/03\/con-valor-agregado-2022-300x300.png\" alt=\"\" width=\"445\" height=\"445\" srcset=\"https:\/\/face.unt.edu.ar\/web\/wp-content\/uploads\/2022\/03\/con-valor-agregado-2022-300x300.png 300w, https:\/\/face.unt.edu.ar\/web\/wp-content\/uploads\/2022\/03\/con-valor-agregado-2022-1024x1024.png 1024w, https:\/\/face.unt.edu.ar\/web\/wp-content\/uploads\/2022\/03\/con-valor-agregado-2022-150x150.png 150w, https:\/\/face.unt.edu.ar\/web\/wp-content\/uploads\/2022\/03\/con-valor-agregado-2022-768x768.png 768w, https:\/\/face.unt.edu.ar\/web\/wp-content\/uploads\/2022\/03\/con-valor-agregado-2022-696x696.png 696w, https:\/\/face.unt.edu.ar\/web\/wp-content\/uploads\/2022\/03\/con-valor-agregado-2022-1068x1068.png 1068w, https:\/\/face.unt.edu.ar\/web\/wp-content\/uploads\/2022\/03\/con-valor-agregado-2022-420x420.png 420w, https:\/\/face.unt.edu.ar\/web\/wp-content\/uploads\/2022\/03\/con-valor-agregado-2022-840x840.png 840w, https:\/\/face.unt.edu.ar\/web\/wp-content\/uploads\/2022\/03\/con-valor-agregado-2022.png 1080w\" sizes=\"(max-width: 445px) 100vw, 445px\" \/><\/p>\n","protected":false},"excerpt":{"rendered":"<p>Con una propuesta renovada, Con Valor Agregado, el programa de radio de la Facultad de Ciencias Econ\u00f3micas, inici\u00f3 su octava temporada. Durante 2022, el programa se emitir\u00e1 como ya es habitual, todos los mi\u00e9rcoles, de 19:00 a 20:00 horas, por Radio Universidad FM 94.7 &#8211; \u00a0www.fm947universidad.com.ar El espacio pondr\u00e1 al aire entrevistas, comentarios y columnas [&hellip;]<\/p>\n","protected":false},"author":2,"featured_media":13432,"comment_status":"open","ping_status":"open","sticky":false,"template":"","format":"standard","meta":{"_et_pb_use_builder":"","_et_pb_old_content":"","_et_gb_content_width":"","footnotes":""},"categories":[4],"tags":[302,759],"_links":{"self":[{"href":"https:\/\/face.unt.edu.ar\/web\/wp-json\/wp\/v2\/posts\/13431"}],"collection":[{"href":"https:\/\/face.unt.edu.ar\/web\/wp-json\/wp\/v2\/posts"}],"about":[{"href":"https:\/\/face.unt.edu.ar\/web\/wp-json\/wp\/v2\/types\/post"}],"author":[{"embeddable":true,"href":"https:\/\/face.unt.edu.ar\/web\/wp-json\/wp\/v2\/users\/2"}],"replies":[{"embeddable":true,"href":"https:\/\/face.unt.edu.ar\/web\/wp-json\/wp\/v2\/comments?post=13431"}],"version-history":[{"count":1,"href":"https:\/\/face.unt.edu.ar\/web\/wp-json\/wp\/v2\/posts\/13431\/revisions"}],"predecessor-version":[{"id":13434,"href":"https:\/\/face.unt.edu.ar\/web\/wp-json\/wp\/v2\/posts\/13431\/revisions\/13434"}],"wp:featuredmedia":[{"embeddable":true,"href":"https:\/\/face.unt.edu.ar\/web\/wp-json\/wp\/v2\/media\/13432"}],"wp:attachment":[{"href":"https:\/\/face.unt.edu.ar\/web\/wp-json\/wp\/v2\/media?parent=13431"}],"wp:term":[{"taxonomy":"category","embeddable":true,"href":"https:\/\/face.unt.edu.ar\/web\/wp-json\/wp\/v2\/categories?post=13431"},{"taxonomy":"post_tag","embeddable":true,"href":"https:\/\/face.unt.edu.ar\/web\/wp-json\/wp\/v2\/tags?post=13431"}],"curies":[{"name":"wp","href":"https:\/\/api.w.org\/{rel}","templated":true}]}}