{"id":13465,"date":"2022-03-31T18:44:06","date_gmt":"2022-03-31T18:44:06","guid":{"rendered":"https:\/\/face.unt.edu.ar\/web\/?p=13465"},"modified":"2022-03-31T18:44:06","modified_gmt":"2022-03-31T18:44:06","slug":"seminario-de-tesinas-de-estudiantes-de-la-licenciatura-en-economia","status":"publish","type":"post","link":"https:\/\/face.unt.edu.ar\/web\/blog\/seminario-de-tesinas-de-estudiantes-de-la-licenciatura-en-economia\/","title":{"rendered":"Seminario de Tesinas de estudiantes de la Licenciatura en Econom\u00eda"},"content":{"rendered":"<p>El <strong>martes 05 de Abril<\/strong>, tendr\u00e1n lugar dos <strong>Seminarios de Tesinas<\/strong> de estudiantes de la Licenciatura en Econom\u00eda de nuestra Facultad.<\/p>\n<p>Se realizar\u00e1n a partir de las<strong> 09:00 horas<\/strong>, con modalidad presencial, en el <strong>aula 8<\/strong> de esta unidad acad\u00e9mica.<\/p>\n<p>Los trabajos de investigaci\u00f3n que se presentar\u00e1n son los siguientes:<\/p>\n<p><strong>\u201c\u00a0\u00a0Coronavirus: Las medidas adoptadas por el gobierno argentino durante Marzo de 2020: \u00bfFueron efectivas?\u00a0\u201d<\/strong><\/p>\n<p>Autores:\u00a0\u00a0<strong>Iv\u00e1n Gabriel \u00a0Hasbani\u00a0y Luciano\u00a0 Ib\u00e1\u00f1ez Varela<\/strong><br \/>\nDirector:\u00a0Victor Iajya<\/p>\n<p><span style=\"font-family: verdana, sans-serif\"><b>Resumen:<br \/>\n<\/b><\/span>La pandemia por Coronavirus tuvo efectos en la econom\u00eda a nivel mundial y Argentina no se vio exento de estos. El 20 de marzo de 2020 fue la fecha que marc\u00f3 el comienzo de una serie de medidas paliativas y restrictivas con el objetivo de detener el avance de la enfermedad y sostener la econom\u00eda. Esta tesis realiza un estudio de dichas medidas, cruzando los datos brindados por las diferentes entidades oficiales del pa\u00eds relacionadas al \u00e1mbito de la salud y de la econom\u00eda a fin de analizarlas y determinar su efectividad.<\/p>\n<p>&nbsp;<\/p>\n<p><b>\u201cContribuci\u00f3n de la Ley de Alquileres a la problem\u00e1tica de la vivienda en Tucum\u00e1n y Argentina\u201d.\u00a0<\/b><\/p>\n<p><span style=\"font-family: verdana, sans-serif\">Autores:<span style=\"color: #000000\">\u00a0<\/span><\/span><span style=\"color: #000000\">\u00a0<\/span><b>Mat\u00edas P\u00e9rez Montini y\u00a0Maximiliano Apud<\/b><span style=\"font-family: verdana, sans-serif\"><br \/>\nDirectoras:\u00a0<\/span>Maria Jos\u00e9 Leguizam\u00f3n y\u00a0Emilia Mill\u00f3n Alderete<\/p>\n<p dir=\"ltr\"><span style=\"font-family: verdana, sans-serif\"><b>Resumen:<\/b><\/span><\/p>\n<p>\u00a0\u00a0Las personas, por su simple existencia, son individuos con derecho a reconocimiento y defensa de su libertad y dignidad. El concepto de derechos humanos nace con la finalidad de establecer todos aquellos derechos fundamentales \u00a0que garanticen a las personas dichas condiciones. Uno de ellos, comprende el derecho al acceso a la vivienda, es decir, a acceder y mantener un hogar y una comunidad en que puedan vivir en paz y dignidad. En Argentina, este derecho se encuentra protegido por m\u00faltiples instrumentos de \u00edndole nacional e internacional, tales como la Constituci\u00f3n Nacional o tratados internacionales con car\u00e1cter constitucional. El Estado en sus distintos niveles es entonces responsable de establecer un marco de pol\u00edticas p\u00fablicas que garantice a todas las personas el acceso a un espacio digno donde vivir.<br \/>\nUn an\u00e1lisis de la situaci\u00f3n habitacional en Tucum\u00e1n y Argentina y los distintos tipos de d\u00e9ficits habitacionales que perduran en el tiempo demuestran que el Estado no hizo ni hace lo suficiente. Uno de los \u00faltimos intentos pol\u00edticos por mejorar esta situaci\u00f3n fue intervenir el mercado de alquiler de vivienda a trav\u00e9s de la denominada \u201cLey de Alquileres\u201d, aprobada en 2020. Casi dos a\u00f1os despu\u00e9s, este trabajo analiza los primeros resultados observables en los principales indicadores del mercado para determinar la utilidad de la misma en mejorar la situaci\u00f3n de aquellas personas que acceden a una vivienda a trav\u00e9s del alquiler.<\/p>\n<p>&nbsp;<\/p>\n<p>&nbsp;<\/p>\n","protected":false},"excerpt":{"rendered":"<p>El martes 05 de Abril, tendr\u00e1n lugar dos Seminarios de Tesinas de estudiantes de la Licenciatura en Econom\u00eda de nuestra Facultad. Se realizar\u00e1n a partir de las 09:00 horas, con modalidad presencial, en el aula 8 de esta unidad acad\u00e9mica. Los trabajos de investigaci\u00f3n que se presentar\u00e1n son los siguientes: \u201c\u00a0\u00a0Coronavirus: Las medidas adoptadas por [&hellip;]<\/p>\n","protected":false},"author":2,"featured_media":13466,"comment_status":"open","ping_status":"open","sticky":false,"template":"","format":"standard","meta":{"_et_pb_use_builder":"","_et_pb_old_content":"","_et_gb_content_width":"","footnotes":""},"categories":[4],"tags":[430],"_links":{"self":[{"href":"https:\/\/face.unt.edu.ar\/web\/wp-json\/wp\/v2\/posts\/13465"}],"collection":[{"href":"https:\/\/face.unt.edu.ar\/web\/wp-json\/wp\/v2\/posts"}],"about":[{"href":"https:\/\/face.unt.edu.ar\/web\/wp-json\/wp\/v2\/types\/post"}],"author":[{"embeddable":true,"href":"https:\/\/face.unt.edu.ar\/web\/wp-json\/wp\/v2\/users\/2"}],"replies":[{"embeddable":true,"href":"https:\/\/face.unt.edu.ar\/web\/wp-json\/wp\/v2\/comments?post=13465"}],"version-history":[{"count":1,"href":"https:\/\/face.unt.edu.ar\/web\/wp-json\/wp\/v2\/posts\/13465\/revisions"}],"predecessor-version":[{"id":13467,"href":"https:\/\/face.unt.edu.ar\/web\/wp-json\/wp\/v2\/posts\/13465\/revisions\/13467"}],"wp:featuredmedia":[{"embeddable":true,"href":"https:\/\/face.unt.edu.ar\/web\/wp-json\/wp\/v2\/media\/13466"}],"wp:attachment":[{"href":"https:\/\/face.unt.edu.ar\/web\/wp-json\/wp\/v2\/media?parent=13465"}],"wp:term":[{"taxonomy":"category","embeddable":true,"href":"https:\/\/face.unt.edu.ar\/web\/wp-json\/wp\/v2\/categories?post=13465"},{"taxonomy":"post_tag","embeddable":true,"href":"https:\/\/face.unt.edu.ar\/web\/wp-json\/wp\/v2\/tags?post=13465"}],"curies":[{"name":"wp","href":"https:\/\/api.w.org\/{rel}","templated":true}]}}