{"id":13749,"date":"2022-05-24T16:00:42","date_gmt":"2022-05-24T16:00:42","guid":{"rendered":"https:\/\/face.unt.edu.ar\/web\/?p=13749"},"modified":"2022-05-24T16:00:42","modified_gmt":"2022-05-24T16:00:42","slug":"55a-jornadas-internacionales-de-finanzas-publicas-fce-unc","status":"publish","type":"post","link":"https:\/\/face.unt.edu.ar\/web\/blog\/55a-jornadas-internacionales-de-finanzas-publicas-fce-unc\/","title":{"rendered":"55\u00aa Jornadas Internacionales de Finanzas P\u00fablicas FCE UNC"},"content":{"rendered":"<p style=\"font-weight: 400\"><strong>Del 20 al 23 de Septiembre<\/strong>\u00a0de 2022, en la\u00a0<strong>Facultad de Ciencias Econ\u00f3micas<\/strong>\u00a0de la\u00a0<strong>Universidad Nacional de C\u00f3rdoba<\/strong>\u00a0se llevar\u00e1n a cabo, en\u00a0<strong>modalidad virtual<\/strong>, las\u00a055\u00ba Jornadas Internacionales de\u00a0Finanzas\u00a0P\u00fablicas.<\/p>\n<p style=\"font-weight: 400\">Considerando la experiencia ya realizada y probada en actividades h\u00edbridas con participantes presenciales y a distancia en modo simult\u00e1neo, el evento podr\u00e1 seguir esta modalidad permitiendo participantes presenciales y virtuales, en todas las instancias, conferencias, paneles y presentaci\u00f3n de trabajos en sala.<\/p>\n<p style=\"font-weight: 400\">En el evento se desarrollar\u00e1n conferencias a cargo de reconocidos especialistas en econom\u00eda del sector p\u00fablico, y se contar\u00e1 con sesiones especiales para la presentaci\u00f3n de trabajos.<\/p>\n<p style=\"font-weight: 400\">\n<strong>Temas referentes<\/strong><\/p>\n<p style=\"font-weight: 400\">Los temas relativos a\u00a0finanzas\u00a0p\u00fablicas elegidos como referentes para esta edici\u00f3n son los siguientes:<\/p>\n<p style=\"font-weight: 400\">&#8211; Consolidaci\u00f3n Fiscal, reglas y programas de asistencia financiera<br \/>\n&#8211; Endeudamiento p\u00fablico en moneda local y extranjera<br \/>\n&#8211; Pol\u00edtica fiscal y cambio clim\u00e1tico<br \/>\n&#8211; Respuestas comportamentales a cambios fiscales y regulatorios<br \/>\n&#8211; Las\u00a0finanzas\u00a0sub-nacionales en la post pandemia<\/p>\n<p style=\"font-weight: 400\">\n<strong>Env\u00edo de res\u00famenes y trabajos<\/strong><\/p>\n<p style=\"font-weight: 400\">Los interesados en presentar trabajos,\u00a0<strong>podr\u00e1n enviar sus res\u00famenes o trabajos terminados hasta el d\u00eda\u00a024 de junio de 2022.<\/strong><\/p>\n<p style=\"font-weight: 400\">Por m\u00e1s informaci\u00f3n pueden ingresar al sitio web de las jornadas:\u00a0<a href=\"http:\/\/lstfce.eco.unc.edu.ar\/lists\/lt.php?tid=fB0EUQRTBFdVUBRaVVwBGA0AAlQeC1RUBRkBVQdTDgUBVgdRWVYeDAcGWlsPVlEYD1pTBh4GUQRRGVsCBlwVCAYHUAZYAldWAVZfHwBTVVNbAFUJHlBUXwIZV1VRXRUIVQAFGVlRUQVSUg1WAwIAUw\" data-saferedirecturl=\"https:\/\/www.google.com\/url?q=http:\/\/lstfce.eco.unc.edu.ar\/lists\/lt.php?tid%3DfB0EUQRTBFdVUBRaVVwBGA0AAlQeC1RUBRkBVQdTDgUBVgdRWVYeDAcGWlsPVlEYD1pTBh4GUQRRGVsCBlwVCAYHUAZYAldWAVZfHwBTVVNbAFUJHlBUXwIZV1VRXRUIVQAFGVlRUQVSUg1WAwIAUw&amp;source=gmail&amp;ust=1653489433493000&amp;usg=AOvVaw3Toy-7x8z3qLmt8LGEGOzJ\">www.jifp.eco.unc.edu.ar<\/a>\u00a0.\n<\/p>\n<p style=\"font-weight: 400\">Informaci\u00f3n y consultas<\/p>\n<p style=\"font-weight: 400\">Box 356 &#8211; Facultad de Ciencias Econ\u00f3micas &#8211; Universidad Nacional de C\u00f3rdoba<br \/>\nBv. Enrique Barros -ex Valpara\u00edso- s\/n, Ciudad Universitaria. (5000) C\u00f3rdoba, Argentina.<br \/>\nE-mail:\u00a0<a href=\"mailto:jornadasdefinanzas@gmail.com\">jornadasdefinanzas@gmail.com<\/a>\u00a0&#8211;\u00a0<a href=\"mailto:jfparg@eco.unc.edu.ar\">jfparg@eco.unc.edu.ar<\/a><br \/>\nWeb:\u00a0<a href=\"http:\/\/lstfce.eco.unc.edu.ar\/lists\/lt.php?tid=fB0EUQRTBFdVUBRaVVwBGA0AAlQeC1RUBRkBVQdTDgUBVgdRWVYeDAcGWlsPVlEYD1pTBh4GUQRRGVsCBlwVCAYHUAZYAldWAVZfHwBTVVNbAFUJHlBUXwIZV1VRXRUIVQAFGVlRUQVSUg1WAwIAUw\" data-saferedirecturl=\"https:\/\/www.google.com\/url?q=http:\/\/lstfce.eco.unc.edu.ar\/lists\/lt.php?tid%3DfB0EUQRTBFdVUBRaVVwBGA0AAlQeC1RUBRkBVQdTDgUBVgdRWVYeDAcGWlsPVlEYD1pTBh4GUQRRGVsCBlwVCAYHUAZYAldWAVZfHwBTVVNbAFUJHlBUXwIZV1VRXRUIVQAFGVlRUQVSUg1WAwIAUw&amp;source=gmail&amp;ust=1653489433493000&amp;usg=AOvVaw3Toy-7x8z3qLmt8LGEGOzJ\">www.jifp.eco.unc.edu.ar<\/a><br \/>\nWhatsapp: +54 9 351 564 9188<\/p>\n","protected":false},"excerpt":{"rendered":"<p>Del 20 al 23 de Septiembre\u00a0de 2022, en la\u00a0Facultad de Ciencias Econ\u00f3micas\u00a0de la\u00a0Universidad Nacional de C\u00f3rdoba\u00a0se llevar\u00e1n a cabo, en\u00a0modalidad virtual, las\u00a055\u00ba Jornadas Internacionales de\u00a0Finanzas\u00a0P\u00fablicas. Considerando la experiencia ya realizada y probada en actividades h\u00edbridas con participantes presenciales y a distancia en modo simult\u00e1neo, el evento podr\u00e1 seguir esta modalidad permitiendo participantes presenciales y virtuales, [&hellip;]<\/p>\n","protected":false},"author":123457,"featured_media":13750,"comment_status":"open","ping_status":"open","sticky":false,"template":"","format":"standard","meta":{"_et_pb_use_builder":"","_et_pb_old_content":"","_et_gb_content_width":"","footnotes":""},"categories":[4],"tags":[],"_links":{"self":[{"href":"https:\/\/face.unt.edu.ar\/web\/wp-json\/wp\/v2\/posts\/13749"}],"collection":[{"href":"https:\/\/face.unt.edu.ar\/web\/wp-json\/wp\/v2\/posts"}],"about":[{"href":"https:\/\/face.unt.edu.ar\/web\/wp-json\/wp\/v2\/types\/post"}],"author":[{"embeddable":true,"href":"https:\/\/face.unt.edu.ar\/web\/wp-json\/wp\/v2\/users\/123457"}],"replies":[{"embeddable":true,"href":"https:\/\/face.unt.edu.ar\/web\/wp-json\/wp\/v2\/comments?post=13749"}],"version-history":[{"count":1,"href":"https:\/\/face.unt.edu.ar\/web\/wp-json\/wp\/v2\/posts\/13749\/revisions"}],"predecessor-version":[{"id":13751,"href":"https:\/\/face.unt.edu.ar\/web\/wp-json\/wp\/v2\/posts\/13749\/revisions\/13751"}],"wp:featuredmedia":[{"embeddable":true,"href":"https:\/\/face.unt.edu.ar\/web\/wp-json\/wp\/v2\/media\/13750"}],"wp:attachment":[{"href":"https:\/\/face.unt.edu.ar\/web\/wp-json\/wp\/v2\/media?parent=13749"}],"wp:term":[{"taxonomy":"category","embeddable":true,"href":"https:\/\/face.unt.edu.ar\/web\/wp-json\/wp\/v2\/categories?post=13749"},{"taxonomy":"post_tag","embeddable":true,"href":"https:\/\/face.unt.edu.ar\/web\/wp-json\/wp\/v2\/tags?post=13749"}],"curies":[{"name":"wp","href":"https:\/\/api.w.org\/{rel}","templated":true}]}}