{"id":13909,"date":"2022-06-09T09:47:42","date_gmt":"2022-06-09T09:47:42","guid":{"rendered":"https:\/\/face.unt.edu.ar\/web\/?p=13909"},"modified":"2022-06-09T12:51:28","modified_gmt":"2022-06-09T12:51:28","slug":"especializacion-en-costos-y-gestion-empresarial-inscripciones-abiertas","status":"publish","type":"post","link":"https:\/\/face.unt.edu.ar\/web\/blog\/especializacion-en-costos-y-gestion-empresarial-inscripciones-abiertas\/","title":{"rendered":"Especializaci\u00f3n en Costos y Gesti\u00f3n Empresarial: inscripciones abiertas"},"content":{"rendered":"<p>Est\u00e1n\u00a0<strong>abiertas las inscripciones 2022<\/strong>\u00a0para la carrera de posgrado\u00a0<strong>Especializaci\u00f3n en Costos y Gesti\u00f3n Empresarial\u00a0<\/strong>que se dicta en nuestra Facultad.<\/p>\n<p>Actualmente, los profesionales Especialistas\u00a0 en Costos y Gesti\u00f3n requieren una constante actualizaci\u00f3n y perfeccionamiento y nuestra carrera \u00a0es una oferta acad\u00e9mica de excelente nivel en respuesta a esta demanda.<\/p>\n<p>Este posgrado, tiene por objetivo entre otras cosas, \u00a0lograr un adecuado entrenamiento en las particularidades del manejo de empresas de todos los sectores de la Econom\u00eda, especialmente aquellas relevantes en los \u00e1mbitos regional y nacional.<\/p>\n<p>El egresado estar\u00e1 capacitado para planificar, determinar y utilizar los costos e informaciones de gesti\u00f3n vinculados con distintas alternativas, para facilitar la elecci\u00f3n de opciones racionales en el corto y largo plazo. Controlar los costos conforme a diferentes estrategias de competitividad y crecimiento empresarial, de manera particular para hacer posible la adopci\u00f3n de decisiones.<\/p>\n<p>Los interesados pueden\u00a0<strong>inscribirse o solicitar informes<\/strong>\u00a0por e-mail a\u00a0<strong><a href=\"mailto:posgradocostos@face.unt.edu.ar\" target=\"_blank\" rel=\"noopener\">posgradocostos@face.unt.edu.ar<\/a><\/strong>, o por tel\u00e9fono:\u00a0<strong>4107547<\/strong>\u00a0\u2013 Lunes a viernes, de 09:00 a 13:00 hs. \/ Celular:\u00a0<strong>3814881733<\/strong>.<\/p>\n<p>Adem\u00e1s pueden encontrar <strong><a href=\"https:\/\/face.unt.edu.ar\/web\/posgrados\/posgrados\/especializacion-en-costos-y-gestion-empresarial\/\" target=\"_blank\" rel=\"noopener\">m\u00e1s informaci\u00f3n haciendo clic aqu\u00ed.<\/a><\/strong><\/p>\n<p><img decoding=\"async\" loading=\"lazy\" class=\"aligncenter wp-image-13910\" src=\"https:\/\/face.unt.edu.ar\/web\/wp-content\/uploads\/2022\/06\/Especializacion-en-Costos-y-GEstion-Empresarial-2022-212x300.png\" alt=\"\" width=\"557\" height=\"788\" srcset=\"https:\/\/face.unt.edu.ar\/web\/wp-content\/uploads\/2022\/06\/Especializacion-en-Costos-y-GEstion-Empresarial-2022-212x300.png 212w, https:\/\/face.unt.edu.ar\/web\/wp-content\/uploads\/2022\/06\/Especializacion-en-Costos-y-GEstion-Empresarial-2022-724x1024.png 724w, https:\/\/face.unt.edu.ar\/web\/wp-content\/uploads\/2022\/06\/Especializacion-en-Costos-y-GEstion-Empresarial-2022-768x1086.png 768w, https:\/\/face.unt.edu.ar\/web\/wp-content\/uploads\/2022\/06\/Especializacion-en-Costos-y-GEstion-Empresarial-2022-1086x1536.png 1086w, https:\/\/face.unt.edu.ar\/web\/wp-content\/uploads\/2022\/06\/Especializacion-en-Costos-y-GEstion-Empresarial-2022-696x984.png 696w, https:\/\/face.unt.edu.ar\/web\/wp-content\/uploads\/2022\/06\/Especializacion-en-Costos-y-GEstion-Empresarial-2022-1392x1969.png 1392w, https:\/\/face.unt.edu.ar\/web\/wp-content\/uploads\/2022\/06\/Especializacion-en-Costos-y-GEstion-Empresarial-2022-1068x1511.png 1068w, https:\/\/face.unt.edu.ar\/web\/wp-content\/uploads\/2022\/06\/Especializacion-en-Costos-y-GEstion-Empresarial-2022-297x420.png 297w, https:\/\/face.unt.edu.ar\/web\/wp-content\/uploads\/2022\/06\/Especializacion-en-Costos-y-GEstion-Empresarial-2022-594x840.png 594w, https:\/\/face.unt.edu.ar\/web\/wp-content\/uploads\/2022\/06\/Especializacion-en-Costos-y-GEstion-Empresarial-2022.png 1414w\" sizes=\"(max-width: 557px) 100vw, 557px\" \/><\/p>\n","protected":false},"excerpt":{"rendered":"<p>Est\u00e1n\u00a0abiertas las inscripciones 2022\u00a0para la carrera de posgrado\u00a0Especializaci\u00f3n en Costos y Gesti\u00f3n Empresarial\u00a0que se dicta en nuestra Facultad. Actualmente, los profesionales Especialistas\u00a0 en Costos y Gesti\u00f3n requieren una constante actualizaci\u00f3n y perfeccionamiento y nuestra carrera \u00a0es una oferta acad\u00e9mica de excelente nivel en respuesta a esta demanda. Este posgrado, tiene por objetivo entre otras cosas, [&hellip;]<\/p>\n","protected":false},"author":2,"featured_media":13911,"comment_status":"open","ping_status":"open","sticky":false,"template":"","format":"standard","meta":{"_et_pb_use_builder":"","_et_pb_old_content":"","_et_gb_content_width":"","footnotes":""},"categories":[4,5],"tags":[],"_links":{"self":[{"href":"https:\/\/face.unt.edu.ar\/web\/wp-json\/wp\/v2\/posts\/13909"}],"collection":[{"href":"https:\/\/face.unt.edu.ar\/web\/wp-json\/wp\/v2\/posts"}],"about":[{"href":"https:\/\/face.unt.edu.ar\/web\/wp-json\/wp\/v2\/types\/post"}],"author":[{"embeddable":true,"href":"https:\/\/face.unt.edu.ar\/web\/wp-json\/wp\/v2\/users\/2"}],"replies":[{"embeddable":true,"href":"https:\/\/face.unt.edu.ar\/web\/wp-json\/wp\/v2\/comments?post=13909"}],"version-history":[{"count":1,"href":"https:\/\/face.unt.edu.ar\/web\/wp-json\/wp\/v2\/posts\/13909\/revisions"}],"predecessor-version":[{"id":13912,"href":"https:\/\/face.unt.edu.ar\/web\/wp-json\/wp\/v2\/posts\/13909\/revisions\/13912"}],"wp:featuredmedia":[{"embeddable":true,"href":"https:\/\/face.unt.edu.ar\/web\/wp-json\/wp\/v2\/media\/13911"}],"wp:attachment":[{"href":"https:\/\/face.unt.edu.ar\/web\/wp-json\/wp\/v2\/media?parent=13909"}],"wp:term":[{"taxonomy":"category","embeddable":true,"href":"https:\/\/face.unt.edu.ar\/web\/wp-json\/wp\/v2\/categories?post=13909"},{"taxonomy":"post_tag","embeddable":true,"href":"https:\/\/face.unt.edu.ar\/web\/wp-json\/wp\/v2\/tags?post=13909"}],"curies":[{"name":"wp","href":"https:\/\/api.w.org\/{rel}","templated":true}]}}