{"id":13965,"date":"2022-06-15T12:24:55","date_gmt":"2022-06-15T12:24:55","guid":{"rendered":"https:\/\/face.unt.edu.ar\/web\/?p=13965"},"modified":"2022-06-15T12:24:55","modified_gmt":"2022-06-15T12:24:55","slug":"reunion-de-discusion-de-la-practica-profesional-de-la-licenciatura-en-administracion","status":"publish","type":"post","link":"https:\/\/face.unt.edu.ar\/web\/blog\/reunion-de-discusion-de-la-practica-profesional-de-la-licenciatura-en-administracion\/","title":{"rendered":"Reuni\u00f3n de Discusi\u00f3n de la Pr\u00e1ctica Profesional de la Licenciatura en Administraci\u00f3n"},"content":{"rendered":"<p>En el marco de la <strong>Pr\u00e1ctica Profesional<\/strong> de la <strong>Licenciatura Administraci\u00f3n<\/strong>, se desarrollar\u00e1 la <strong>Cuarta Reuni\u00f3n de Discusi\u00f3n del Instituto de Administraci\u00f3n<\/strong>.<\/p>\n<p>La misma se llevar\u00e1 a cabo este <strong>Mi\u00e9rcoles 15 de Junio<\/strong>, de <strong>19:00 a 21:00<\/strong> horas, con <strong>modalidad \u00a0h\u00edbrida<\/strong>, a desarrollarse en el <strong>aula 16 de nuestra Facultad <\/strong>y por la plataforma <strong>Zoom<\/strong>.<\/p>\n<p>ID de reuni\u00f3n: 829 2294 2827<br \/>\nC\u00f3digo de acceso: pplea<br \/>\nLink:\u00a0<a href=\"https:\/\/us06web.zoom.us\/j\/82922942827?pwd=OGtSenRxSWJKQ0tGRm12WkFXR2VQUT09\" data-saferedirecturl=\"https:\/\/www.google.com\/url?q=https:\/\/us06web.zoom.us\/j\/82922942827?pwd%3DOGtSenRxSWJKQ0tGRm12WkFXR2VQUT09&amp;source=gmail&amp;ust=1655379941500000&amp;usg=AOvVaw05zyZiVsTS7gokNndPLiRJ\">https:\/\/us06web.zoom.us\/j\/82922942827?pwd=OGtSenRxSWJKQ0tGRm12WkFXR2VQUT09<\/a><\/p>\n<p>Pueden asistir a Docentes, estudiantes, y todas las personas interesadas a sumarse a este encuentro.<\/p>\n<p><img decoding=\"async\" loading=\"lazy\" class=\"size-medium wp-image-13967 alignleft\" src=\"https:\/\/face.unt.edu.ar\/web\/wp-content\/uploads\/2022\/06\/1-6-300x300.png\" alt=\"\" width=\"300\" height=\"300\" srcset=\"https:\/\/face.unt.edu.ar\/web\/wp-content\/uploads\/2022\/06\/1-6-300x300.png 300w, https:\/\/face.unt.edu.ar\/web\/wp-content\/uploads\/2022\/06\/1-6-1024x1024.png 1024w, https:\/\/face.unt.edu.ar\/web\/wp-content\/uploads\/2022\/06\/1-6-150x150.png 150w, https:\/\/face.unt.edu.ar\/web\/wp-content\/uploads\/2022\/06\/1-6-768x768.png 768w, https:\/\/face.unt.edu.ar\/web\/wp-content\/uploads\/2022\/06\/1-6-696x696.png 696w, https:\/\/face.unt.edu.ar\/web\/wp-content\/uploads\/2022\/06\/1-6-1068x1068.png 1068w, https:\/\/face.unt.edu.ar\/web\/wp-content\/uploads\/2022\/06\/1-6-420x420.png 420w, https:\/\/face.unt.edu.ar\/web\/wp-content\/uploads\/2022\/06\/1-6-840x840.png 840w, https:\/\/face.unt.edu.ar\/web\/wp-content\/uploads\/2022\/06\/1-6.png 1080w\" sizes=\"(max-width: 300px) 100vw, 300px\" \/> <img decoding=\"async\" loading=\"lazy\" class=\"size-medium wp-image-13968 alignleft\" src=\"https:\/\/face.unt.edu.ar\/web\/wp-content\/uploads\/2022\/06\/2-4-300x300.png\" alt=\"\" width=\"300\" height=\"300\" srcset=\"https:\/\/face.unt.edu.ar\/web\/wp-content\/uploads\/2022\/06\/2-4-300x300.png 300w, https:\/\/face.unt.edu.ar\/web\/wp-content\/uploads\/2022\/06\/2-4-1024x1024.png 1024w, https:\/\/face.unt.edu.ar\/web\/wp-content\/uploads\/2022\/06\/2-4-150x150.png 150w, https:\/\/face.unt.edu.ar\/web\/wp-content\/uploads\/2022\/06\/2-4-768x768.png 768w, https:\/\/face.unt.edu.ar\/web\/wp-content\/uploads\/2022\/06\/2-4-696x696.png 696w, https:\/\/face.unt.edu.ar\/web\/wp-content\/uploads\/2022\/06\/2-4-1068x1068.png 1068w, https:\/\/face.unt.edu.ar\/web\/wp-content\/uploads\/2022\/06\/2-4-420x420.png 420w, https:\/\/face.unt.edu.ar\/web\/wp-content\/uploads\/2022\/06\/2-4-840x840.png 840w, https:\/\/face.unt.edu.ar\/web\/wp-content\/uploads\/2022\/06\/2-4.png 1080w\" sizes=\"(max-width: 300px) 100vw, 300px\" \/><\/p>\n","protected":false},"excerpt":{"rendered":"<p>En el marco de la Pr\u00e1ctica Profesional de la Licenciatura Administraci\u00f3n, se desarrollar\u00e1 la Cuarta Reuni\u00f3n de Discusi\u00f3n del Instituto de Administraci\u00f3n. La misma se llevar\u00e1 a cabo este Mi\u00e9rcoles 15 de Junio, de 19:00 a 21:00 horas, con modalidad \u00a0h\u00edbrida, a desarrollarse en el aula 16 de nuestra Facultad y por la plataforma Zoom. [&hellip;]<\/p>\n","protected":false},"author":2,"featured_media":13966,"comment_status":"open","ping_status":"open","sticky":false,"template":"","format":"standard","meta":{"_et_pb_use_builder":"","_et_pb_old_content":"","_et_gb_content_width":"","footnotes":""},"categories":[4],"tags":[],"_links":{"self":[{"href":"https:\/\/face.unt.edu.ar\/web\/wp-json\/wp\/v2\/posts\/13965"}],"collection":[{"href":"https:\/\/face.unt.edu.ar\/web\/wp-json\/wp\/v2\/posts"}],"about":[{"href":"https:\/\/face.unt.edu.ar\/web\/wp-json\/wp\/v2\/types\/post"}],"author":[{"embeddable":true,"href":"https:\/\/face.unt.edu.ar\/web\/wp-json\/wp\/v2\/users\/2"}],"replies":[{"embeddable":true,"href":"https:\/\/face.unt.edu.ar\/web\/wp-json\/wp\/v2\/comments?post=13965"}],"version-history":[{"count":1,"href":"https:\/\/face.unt.edu.ar\/web\/wp-json\/wp\/v2\/posts\/13965\/revisions"}],"predecessor-version":[{"id":13969,"href":"https:\/\/face.unt.edu.ar\/web\/wp-json\/wp\/v2\/posts\/13965\/revisions\/13969"}],"wp:featuredmedia":[{"embeddable":true,"href":"https:\/\/face.unt.edu.ar\/web\/wp-json\/wp\/v2\/media\/13966"}],"wp:attachment":[{"href":"https:\/\/face.unt.edu.ar\/web\/wp-json\/wp\/v2\/media?parent=13965"}],"wp:term":[{"taxonomy":"category","embeddable":true,"href":"https:\/\/face.unt.edu.ar\/web\/wp-json\/wp\/v2\/categories?post=13965"},{"taxonomy":"post_tag","embeddable":true,"href":"https:\/\/face.unt.edu.ar\/web\/wp-json\/wp\/v2\/tags?post=13965"}],"curies":[{"name":"wp","href":"https:\/\/api.w.org\/{rel}","templated":true}]}}