{"id":14021,"date":"2022-06-22T16:22:43","date_gmt":"2022-06-22T16:22:43","guid":{"rendered":"https:\/\/face.unt.edu.ar\/web\/?p=14021"},"modified":"2022-06-22T16:22:43","modified_gmt":"2022-06-22T16:22:43","slug":"xxix-jornadas-de-jovenes-investigadores-de-augm","status":"publish","type":"post","link":"https:\/\/face.unt.edu.ar\/web\/blog\/xxix-jornadas-de-jovenes-investigadores-de-augm\/","title":{"rendered":"XXIX Jornadas de J\u00f3venes Investigadores de AUGM"},"content":{"rendered":"<p>La Universidad Mayor, Real y Pontificia de San Francisco Xavier de Chuquisaca y la Secretar\u00eda Ejecutiva de AUGMinforman que abri\u00f3 la convocatoria para participar de las\u00a0<strong>XXIX Jornadas de J\u00f3venes Investigadores (JJI)<\/strong>, que se desarrollar\u00e1n los d\u00edas\u00a0<strong>7, 8 y 9 de Septiembre de 2022<\/strong>, con modalidad <strong>presencial<\/strong>, en la ciudad de\u00a0<strong>Sucre<\/strong>, Capital Constitucional del Estado Plurinacional de Bolivia, bajo la consigna:\u00a0<strong>\u201cGeneraci\u00f3n de conocimiento con la integraci\u00f3n acad\u00e9mica, cient\u00edfica, tecnol\u00f3gica y cultural para la justicia, la libertad y el bienestar de nuestros pueblos\u201d<\/strong>.<\/p>\n<p>&nbsp;<\/p>\n<p>La convocatoria es para estudiantes de Grado y de Posgrado, Docentes en formaci\u00f3n, becarios de investigaci\u00f3n, de las Universidades de AUGM, que cuentan con resultados parciales o totales de investigaciones relacionadas a alguno de los temas propuestos en los Ejes Tem\u00e1ticos, a postular a esta actividad acad\u00e9mica y exponer sus investigaciones durante las Jornadas.<\/p>\n<p>&nbsp;<\/p>\n<p><strong>Lineamientos de la convocatoria<\/strong><\/p>\n<ul>\n<li>Los autores deben ser menores de 35 a\u00f1os y no tener t\u00edtulo de doctor.<\/li>\n<li>Se dar\u00e1 prioridad a estudiantes que no hayan participado en versiones anteriores de las JJI.<\/li>\n<li>Los trabajos de investigaci\u00f3n ser\u00e1n presentados en las XXIX JJI por un expositor, independientemente que el trabajo tenga varios coautores.<\/li>\n<li>Los res\u00famenes y trabajos que no se ajusten al formato establecido no formar\u00e1n parte de las Jornadas ni de la publicaci\u00f3n indexada posterior a las JJI y los investigadores quedar\u00e1n inhabilitados para presentar sus trabajos.<\/li>\n<\/ul>\n<p><strong>Env\u00edo de los trabajos<\/strong><\/p>\n<ul>\n<li>Enviar a la casilla de correo electr\u00f3nico\u00a0<a href=\"mailto:jji2022@ct.unt.edu.ar\">jji2022@ct.unt.edu.ar<\/a>el\u00a0<u>resumen<\/u>\u00a0y el\u00a0<u>trabajo<\/u>, con el\u00a0<strong>asunto \u201cTrabajo XXIX JJI\u2033<\/strong>, hasta el d\u00eda jueves\u00a0<strong>30 de junio de 2022 hasta las 23:59<\/strong><\/li>\n<li>La UNT informar\u00e1 a la USFX\/AUGM el listado de sus estudiantes seleccionados.<\/li>\n<li>La USFX, entidad organizadora de las JJI, solicitar\u00e1 a cada autor el env\u00edo de res\u00famenes, diapositivas de presentaci\u00f3n de trabajos y trabajos de investigaci\u00f3n completos a trav\u00e9s de un formulario web.<\/li>\n<\/ul>\n<p><strong>Enlaces de inter\u00e9s<\/strong><\/p>\n<ul>\n<li>Sitio de las Jornadas:\u00a0<a href=\"https:\/\/jji2022.usfx.bo\/\">https:\/\/jji2022.usfx.bo\/<\/a><\/li>\n<li>P\u00e1gina en SCAIT de las Jornadas:\u00a0<a href=\"http:\/\/scait.ct.unt.edu.ar\/xxix-jornadas-de-jovenes-investigadores-de-augm\/\">http:\/\/scait.ct.unt.edu.ar\/xxix-jornadas-de-jovenes-investigadores-de-augm\/<\/a><\/li>\n<li>Por consultas, escribir a la siguiente direcci\u00f3n de correo electr\u00f3nico:\u00a0<a href=\"mailto:jji2022@ct.unt.edu.ar\">jji2022@ct.unt.edu.ar<\/a><\/li>\n<\/ul>\n","protected":false},"excerpt":{"rendered":"<p>La Universidad Mayor, Real y Pontificia de San Francisco Xavier de Chuquisaca y la Secretar\u00eda Ejecutiva de AUGMinforman que abri\u00f3 la convocatoria para participar de las\u00a0XXIX Jornadas de J\u00f3venes Investigadores (JJI), que se desarrollar\u00e1n los d\u00edas\u00a07, 8 y 9 de Septiembre de 2022, con modalidad presencial, en la ciudad de\u00a0Sucre, Capital Constitucional del Estado Plurinacional [&hellip;]<\/p>\n","protected":false},"author":2,"featured_media":14023,"comment_status":"open","ping_status":"open","sticky":false,"template":"","format":"standard","meta":{"_et_pb_use_builder":"","_et_pb_old_content":"","_et_gb_content_width":"","footnotes":""},"categories":[237],"tags":[],"_links":{"self":[{"href":"https:\/\/face.unt.edu.ar\/web\/wp-json\/wp\/v2\/posts\/14021"}],"collection":[{"href":"https:\/\/face.unt.edu.ar\/web\/wp-json\/wp\/v2\/posts"}],"about":[{"href":"https:\/\/face.unt.edu.ar\/web\/wp-json\/wp\/v2\/types\/post"}],"author":[{"embeddable":true,"href":"https:\/\/face.unt.edu.ar\/web\/wp-json\/wp\/v2\/users\/2"}],"replies":[{"embeddable":true,"href":"https:\/\/face.unt.edu.ar\/web\/wp-json\/wp\/v2\/comments?post=14021"}],"version-history":[{"count":1,"href":"https:\/\/face.unt.edu.ar\/web\/wp-json\/wp\/v2\/posts\/14021\/revisions"}],"predecessor-version":[{"id":14022,"href":"https:\/\/face.unt.edu.ar\/web\/wp-json\/wp\/v2\/posts\/14021\/revisions\/14022"}],"wp:featuredmedia":[{"embeddable":true,"href":"https:\/\/face.unt.edu.ar\/web\/wp-json\/wp\/v2\/media\/14023"}],"wp:attachment":[{"href":"https:\/\/face.unt.edu.ar\/web\/wp-json\/wp\/v2\/media?parent=14021"}],"wp:term":[{"taxonomy":"category","embeddable":true,"href":"https:\/\/face.unt.edu.ar\/web\/wp-json\/wp\/v2\/categories?post=14021"},{"taxonomy":"post_tag","embeddable":true,"href":"https:\/\/face.unt.edu.ar\/web\/wp-json\/wp\/v2\/tags?post=14021"}],"curies":[{"name":"wp","href":"https:\/\/api.w.org\/{rel}","templated":true}]}}