{"id":14025,"date":"2022-06-24T12:00:58","date_gmt":"2022-06-24T12:00:58","guid":{"rendered":"https:\/\/face.unt.edu.ar\/web\/?p=14025"},"modified":"2024-02-05T14:08:47","modified_gmt":"2024-02-05T14:08:47","slug":"examenes-de-julio-2022-primer-y-segundo-llamado","status":"publish","type":"post","link":"https:\/\/face.unt.edu.ar\/web\/blog\/examenes-de-julio-2022-primer-y-segundo-llamado\/","title":{"rendered":"Ex\u00e1menes de Julio 2022 &#8211; Primer y Segundo llamado"},"content":{"rendered":"<p>La\u00a0<strong>Facultad de Ciencias Econ\u00f3micas de la Universidad Nacional de Tucum\u00e1n<\/strong>\u00a0informa las fechas en que tendr\u00e1 lugar la\u00a0<strong>Mesa de Ex\u00e1menes de Julio 2022.<\/strong><\/p>\n<p>Seg\u00fan lo establecido por la\u00a0<strong>Resoluci\u00f3n 260-D-22\u00a0<\/strong>, el\u00a0<b>Turno<\/b> de <b>Ex\u00e1menes de Julio de 2022\u00a0<\/b>para las carreras de Contador P\u00fablico, Contador P\u00fablico Nacional, \u00a0Licenciado en Econom\u00eda y Licenciado en Administraci\u00f3n; se desarrollar\u00e1 de la siguiente manera:<\/p>\n<p>&#8211; El <b>Primer Llamado <\/b>tendr\u00e1 lugar<b> los d\u00edas: \u00a004, 05, 06, 07, 08 de Julio de 2022<\/b>. Y el <b>Segundo Llamado <\/b>ser\u00e1<b> los d\u00edas: 01,02, 03, 04, 05, de Agosto de 2022.<\/b><\/p>\n<p>Cabe destacar que para las\u00a0<strong>inscripciones\u00a0del Primer Llamado <\/strong>se establecieron las siguientes fechas:\u00a0<strong>27 y 28 de Junio de 2022. <\/strong><strong>Para el<\/strong> \u00a0<strong>Segundo Llamado <\/strong><strong>las fechas de inscripci\u00f3n son:<\/strong><strong> 25 y 26 de Julio de 2022.<\/strong><\/p>\n<p>Se adjunta la Resoluci\u00f3n, antes mencionada, donde est\u00e1 el detalle de los tribunales examinadores en cada asignatura, con fecha y horario correspondiente.<\/p>\n<p><strong><a href=\"https:\/\/drive.google.com\/file\/d\/16mN5cJxeOOKyMlxqk9QtqtZGmy-a9jUN\/view?usp=sharing\" target=\"_blank\" rel=\"noopener\" data-saferedirecturl=\"https:\/\/www.google.com\/url?q=https:\/\/drive.google.com\/file\/d\/16mN5cJxeOOKyMlxqk9QtqtZGmy-a9jUN\/view?usp%3Dsharing&amp;source=gmail&amp;ust=1656157710979000&amp;usg=AOvVaw0aUQC96Sjb1L63j0ofj7Cs\">https:\/\/drive.google.com\/file\/d\/16mN5cJxeOOKyMlxqk9QtqtZGmy-a9jUN\/view?usp=sharing<\/a><\/strong><\/p>\n<p>&nbsp;<\/p>\n","protected":false},"excerpt":{"rendered":"<p>La\u00a0Facultad de Ciencias Econ\u00f3micas de la Universidad Nacional de Tucum\u00e1n\u00a0informa las fechas en que tendr\u00e1 lugar la\u00a0Mesa de Ex\u00e1menes de Julio 2022. Seg\u00fan lo establecido por la\u00a0Resoluci\u00f3n 260-D-22\u00a0, el\u00a0Turno de Ex\u00e1menes de Julio de 2022\u00a0para las carreras de Contador P\u00fablico, Contador P\u00fablico Nacional, \u00a0Licenciado en Econom\u00eda y Licenciado en Administraci\u00f3n; se desarrollar\u00e1 de la siguiente [&hellip;]<\/p>\n","protected":false},"author":123457,"featured_media":14026,"comment_status":"open","ping_status":"open","sticky":false,"template":"","format":"standard","meta":{"_et_pb_use_builder":"","_et_pb_old_content":"","_et_gb_content_width":"","footnotes":""},"categories":[4],"tags":[906,36,444],"_links":{"self":[{"href":"https:\/\/face.unt.edu.ar\/web\/wp-json\/wp\/v2\/posts\/14025"}],"collection":[{"href":"https:\/\/face.unt.edu.ar\/web\/wp-json\/wp\/v2\/posts"}],"about":[{"href":"https:\/\/face.unt.edu.ar\/web\/wp-json\/wp\/v2\/types\/post"}],"author":[{"embeddable":true,"href":"https:\/\/face.unt.edu.ar\/web\/wp-json\/wp\/v2\/users\/123457"}],"replies":[{"embeddable":true,"href":"https:\/\/face.unt.edu.ar\/web\/wp-json\/wp\/v2\/comments?post=14025"}],"version-history":[{"count":1,"href":"https:\/\/face.unt.edu.ar\/web\/wp-json\/wp\/v2\/posts\/14025\/revisions"}],"predecessor-version":[{"id":14027,"href":"https:\/\/face.unt.edu.ar\/web\/wp-json\/wp\/v2\/posts\/14025\/revisions\/14027"}],"wp:featuredmedia":[{"embeddable":true,"href":"https:\/\/face.unt.edu.ar\/web\/wp-json\/wp\/v2\/media\/14026"}],"wp:attachment":[{"href":"https:\/\/face.unt.edu.ar\/web\/wp-json\/wp\/v2\/media?parent=14025"}],"wp:term":[{"taxonomy":"category","embeddable":true,"href":"https:\/\/face.unt.edu.ar\/web\/wp-json\/wp\/v2\/categories?post=14025"},{"taxonomy":"post_tag","embeddable":true,"href":"https:\/\/face.unt.edu.ar\/web\/wp-json\/wp\/v2\/tags?post=14025"}],"curies":[{"name":"wp","href":"https:\/\/api.w.org\/{rel}","templated":true}]}}