{"id":14050,"date":"2022-06-25T12:15:36","date_gmt":"2022-06-25T12:15:36","guid":{"rendered":"https:\/\/face.unt.edu.ar\/web\/?p=14050"},"modified":"2022-06-25T12:15:36","modified_gmt":"2022-06-25T12:15:36","slug":"se-dictara-en-nuestra-facultad-el-taller-aprendiendo-del-error","status":"publish","type":"post","link":"https:\/\/face.unt.edu.ar\/web\/blog\/se-dictara-en-nuestra-facultad-el-taller-aprendiendo-del-error\/","title":{"rendered":"Se dictar\u00e1 en nuestra Facultad el Taller \u00abAprendiendo del error\u00bb"},"content":{"rendered":"<div class=\"kvgmc6g5 cxmmr5t8 oygrvhab hcukyx3x c1et5uql ii04i59q\">\n<div dir=\"auto\">El pr\u00f3ximo lunes 27 de Junio, la C\u00e1tedra de Matem\u00e1tica I de nuestra Facultad, realizar\u00e1 el taller denominado \u201cAprendiendo del error\u201d, en el horario de 15:00 a 18:00 horas, en el Aula 9 de nuestra Casa de Estudios.<\/div>\n<div dir=\"auto\">.<\/div>\n<\/div>\n<div class=\"cxmmr5t8 oygrvhab hcukyx3x c1et5uql o9v6fnle ii04i59q\">\n<div dir=\"auto\">Est\u00e1 destinados a estudiantes de Matem\u00e1tica I, y tiene como finalidad realizar un recorrido con los errores m\u00e1s frecuentes en los desarrollos de las resoluciones de ejercicios de ex\u00e1menes.<\/div>\n<\/div>\n","protected":false},"excerpt":{"rendered":"<p>El pr\u00f3ximo lunes 27 de Junio, la C\u00e1tedra de Matem\u00e1tica I de nuestra Facultad, realizar\u00e1 el taller denominado \u201cAprendiendo del error\u201d, en el horario de 15:00 a 18:00 horas, en el Aula 9 de nuestra Casa de Estudios. . Est\u00e1 destinados a estudiantes de Matem\u00e1tica I, y tiene como finalidad realizar un recorrido con los [&hellip;]<\/p>\n","protected":false},"author":123457,"featured_media":14051,"comment_status":"open","ping_status":"open","sticky":false,"template":"","format":"standard","meta":{"_et_pb_use_builder":"","_et_pb_old_content":"","_et_gb_content_width":"","footnotes":""},"categories":[4],"tags":[376,909,36,908,910],"_links":{"self":[{"href":"https:\/\/face.unt.edu.ar\/web\/wp-json\/wp\/v2\/posts\/14050"}],"collection":[{"href":"https:\/\/face.unt.edu.ar\/web\/wp-json\/wp\/v2\/posts"}],"about":[{"href":"https:\/\/face.unt.edu.ar\/web\/wp-json\/wp\/v2\/types\/post"}],"author":[{"embeddable":true,"href":"https:\/\/face.unt.edu.ar\/web\/wp-json\/wp\/v2\/users\/123457"}],"replies":[{"embeddable":true,"href":"https:\/\/face.unt.edu.ar\/web\/wp-json\/wp\/v2\/comments?post=14050"}],"version-history":[{"count":1,"href":"https:\/\/face.unt.edu.ar\/web\/wp-json\/wp\/v2\/posts\/14050\/revisions"}],"predecessor-version":[{"id":14052,"href":"https:\/\/face.unt.edu.ar\/web\/wp-json\/wp\/v2\/posts\/14050\/revisions\/14052"}],"wp:featuredmedia":[{"embeddable":true,"href":"https:\/\/face.unt.edu.ar\/web\/wp-json\/wp\/v2\/media\/14051"}],"wp:attachment":[{"href":"https:\/\/face.unt.edu.ar\/web\/wp-json\/wp\/v2\/media?parent=14050"}],"wp:term":[{"taxonomy":"category","embeddable":true,"href":"https:\/\/face.unt.edu.ar\/web\/wp-json\/wp\/v2\/categories?post=14050"},{"taxonomy":"post_tag","embeddable":true,"href":"https:\/\/face.unt.edu.ar\/web\/wp-json\/wp\/v2\/tags?post=14050"}],"curies":[{"name":"wp","href":"https:\/\/api.w.org\/{rel}","templated":true}]}}