{"id":14100,"date":"2022-07-04T15:40:12","date_gmt":"2022-07-04T15:40:12","guid":{"rendered":"https:\/\/face.unt.edu.ar\/web\/?p=14100"},"modified":"2022-07-04T15:40:12","modified_gmt":"2022-07-04T15:40:12","slug":"nuestra-web-cuenta-con-un-nuevo-menu-de-accesibilidad-para-personas-con-disminucion-visual","status":"publish","type":"post","link":"https:\/\/face.unt.edu.ar\/web\/blog\/nuestra-web-cuenta-con-un-nuevo-menu-de-accesibilidad-para-personas-con-disminucion-visual\/","title":{"rendered":"Nuestra web cuenta con un nuevo men\u00fa de accesibilidad para personas con disminuci\u00f3n visual"},"content":{"rendered":"<p>En el marco de la Ley. 26.653 de\u00a0 Accesibilidad de la informaci\u00f3n en las P\u00e1ginas Web, nuestra Facultad incorpor\u00f3 en la parte inferior izquierda de su Sitio Web, un nuevo \u00abMen\u00fa de accesibilidad\u00bb que despliega una serie de opciones para ser configurado seg\u00fan las necesidades de la persona con disminuci\u00f3n visual.<\/p>\n<p>Al desplegar el men\u00fa se observan los siguientes \u00edtems modificables:<\/p>\n<p>Contraste<br \/>\nEnlaces Realce: subrayado de enlace<br \/>\nEspaciado de texto: separaci\u00f3n de letras<br \/>\nGran texto: tama\u00f1o de letra<br \/>\nDetener animaciones<br \/>\nDislexia Amigable<br \/>\nCursor<br \/>\nInformaci\u00f3n<br \/>\nAltura de la l\u00ednea<br \/>\nTexto alineado<br \/>\nSaturaci\u00f3n<\/p>\n<p>Desde nuestra Facultad seguimos realizando actividades e iniciativas que promueven la educaci\u00f3n y la inclusi\u00f3n de las personas con discapacidad; tratando de reducir obst\u00e1culos y generando espacios propicios para que aquellos que deseen estudiar,\u00a0 lo puedan hacer en igualdad de condiciones.<\/p>\n<p>Colaborando entre todos los miembros de la comunidad universitaria podremos lograr una verdadera educaci\u00f3n inclusiva.<\/p>\n<p>&nbsp;<\/p>\n<p><a href=\"https:\/\/face.unt.edu.ar\/web\/wp-content\/uploads\/2022\/07\/portada-dos.png\"><img decoding=\"async\" loading=\"lazy\" class=\"wp-image-14107 aligncenter\" src=\"https:\/\/face.unt.edu.ar\/web\/wp-content\/uploads\/2022\/07\/portada-dos-300x158.png\" alt=\"\" width=\"600\" height=\"316\" srcset=\"https:\/\/face.unt.edu.ar\/web\/wp-content\/uploads\/2022\/07\/portada-dos-300x158.png 300w, https:\/\/face.unt.edu.ar\/web\/wp-content\/uploads\/2022\/07\/portada-dos-1024x538.png 1024w, https:\/\/face.unt.edu.ar\/web\/wp-content\/uploads\/2022\/07\/portada-dos-768x404.png 768w, https:\/\/face.unt.edu.ar\/web\/wp-content\/uploads\/2022\/07\/portada-dos-696x366.png 696w, https:\/\/face.unt.edu.ar\/web\/wp-content\/uploads\/2022\/07\/portada-dos-1068x562.png 1068w, https:\/\/face.unt.edu.ar\/web\/wp-content\/uploads\/2022\/07\/portada-dos-799x420.png 799w, https:\/\/face.unt.edu.ar\/web\/wp-content\/uploads\/2022\/07\/portada-dos.png 1219w\" sizes=\"(max-width: 600px) 100vw, 600px\" \/><\/a><\/p>\n","protected":false},"excerpt":{"rendered":"<p>En el marco de la Ley. 26.653 de\u00a0 Accesibilidad de la informaci\u00f3n en las P\u00e1ginas Web, nuestra Facultad incorpor\u00f3 en la parte inferior izquierda de su Sitio Web, un nuevo \u00abMen\u00fa de accesibilidad\u00bb que despliega una serie de opciones para ser configurado seg\u00fan las necesidades de la persona con disminuci\u00f3n visual. Al desplegar el men\u00fa [&hellip;]<\/p>\n","protected":false},"author":123457,"featured_media":14104,"comment_status":"open","ping_status":"open","sticky":false,"template":"","format":"standard","meta":{"_et_pb_use_builder":"","_et_pb_old_content":"","_et_gb_content_width":"","footnotes":""},"categories":[4],"tags":[913,376,912,36,768,444],"_links":{"self":[{"href":"https:\/\/face.unt.edu.ar\/web\/wp-json\/wp\/v2\/posts\/14100"}],"collection":[{"href":"https:\/\/face.unt.edu.ar\/web\/wp-json\/wp\/v2\/posts"}],"about":[{"href":"https:\/\/face.unt.edu.ar\/web\/wp-json\/wp\/v2\/types\/post"}],"author":[{"embeddable":true,"href":"https:\/\/face.unt.edu.ar\/web\/wp-json\/wp\/v2\/users\/123457"}],"replies":[{"embeddable":true,"href":"https:\/\/face.unt.edu.ar\/web\/wp-json\/wp\/v2\/comments?post=14100"}],"version-history":[{"count":5,"href":"https:\/\/face.unt.edu.ar\/web\/wp-json\/wp\/v2\/posts\/14100\/revisions"}],"predecessor-version":[{"id":14108,"href":"https:\/\/face.unt.edu.ar\/web\/wp-json\/wp\/v2\/posts\/14100\/revisions\/14108"}],"wp:featuredmedia":[{"embeddable":true,"href":"https:\/\/face.unt.edu.ar\/web\/wp-json\/wp\/v2\/media\/14104"}],"wp:attachment":[{"href":"https:\/\/face.unt.edu.ar\/web\/wp-json\/wp\/v2\/media?parent=14100"}],"wp:term":[{"taxonomy":"category","embeddable":true,"href":"https:\/\/face.unt.edu.ar\/web\/wp-json\/wp\/v2\/categories?post=14100"},{"taxonomy":"post_tag","embeddable":true,"href":"https:\/\/face.unt.edu.ar\/web\/wp-json\/wp\/v2\/tags?post=14100"}],"curies":[{"name":"wp","href":"https:\/\/api.w.org\/{rel}","templated":true}]}}