{"id":14115,"date":"2022-07-05T12:26:34","date_gmt":"2022-07-05T12:26:34","guid":{"rendered":"https:\/\/face.unt.edu.ar\/web\/?p=14115"},"modified":"2022-07-05T12:26:34","modified_gmt":"2022-07-05T12:26:34","slug":"educacion-digital-para-emprendedores-sociales","status":"publish","type":"post","link":"https:\/\/face.unt.edu.ar\/web\/blog\/educacion-digital-para-emprendedores-sociales\/","title":{"rendered":"Educaci\u00f3n digital para emprendedores sociales"},"content":{"rendered":"<p style=\"font-weight: 400\">A trav\u00e9s de la Secretar\u00eda de Extensi\u00f3n y Desarrollo Institucional, la Facultad de Ciencias Econ\u00f3micas de la UNT puso en marcha el\u00a0<strong>proyecto de voluntariado \u00abTransformaci\u00f3n Digital\u00bb<\/strong>, aprobado por la Secretar\u00eda de Pol\u00edticas Universitarias (SPU).<\/p>\n<p style=\"font-weight: 400\">El objetivo del proyecto es\u00a0<strong>brindar alfabetizaci\u00f3n en Tecnolog\u00edas de la Informaci\u00f3n y Comunicaci\u00f3n a integrantes de Cocinas Comunitarias de la provincia y de Centros de Cuidado y nutrici\u00f3n Infantil (Comedores infantiles)<\/strong>; haciendo hincapi\u00e9 en las necesidades de la gesti\u00f3n de microemprendimientos y en la comercializaci\u00f3n de productos y servicios.<\/p>\n<p style=\"font-weight: 400\">Se trabajar\u00e1 con temas de Marketing y Marketing Digital, fomentando la correcta utilizaci\u00f3n de redes sociales y aplicaciones de comunicaci\u00f3n por parte de los emprendedores para lograr presentar y vender sus productos y\/o servicios de manera adecuada y atractiva.<\/p>\n<p style=\"font-weight: 400\">Tambi\u00e9n se capacitar\u00e1 en herramientas digitales, como procesador de textos, planilla electr\u00f3nica, software de dise\u00f1o, manejo de mail, programas de presentaciones, entre otros.<\/p>\n<p style=\"font-weight: 400\">Una vez m\u00e1s, la FACE y sus Docentes abren las puertas de esta Casa de Estudios para apoyar el desarrollo y el crecimiento de quienes m\u00e1s lo necesitan.<\/p>\n<p style=\"font-weight: 400\">De esta forma,\u00a0<strong>continuamos generando acciones tendientes a fortalecer el v\u00ednculo entre universidad y sociedad,<\/strong>\u00a0tan necesario para el crecimiento del pa\u00eds.<\/p>\n<p style=\"font-weight: 400\">El equipo que lleva adelante este proyecto est\u00e1 integrado por la\u00a0<strong>CPN Raquel Giannini\u00a0<\/strong>(Directora), la\u00a0<strong>Mg. Liliana Fagre<\/strong>\u00a0(Co-directora), la\u00a0<strong>CPN Cecilia Canevaro\u00a0<\/strong>(Docente),\u00a0<strong>estudiantes voluntarios<\/strong>\u00a0de la FACE, y\u00a0<strong>T\u00e9cnicos del Ministerio de Desarrollo Social\u00a0<\/strong>de Tucum\u00e1n.<\/p>\n","protected":false},"excerpt":{"rendered":"<p>A trav\u00e9s de la Secretar\u00eda de Extensi\u00f3n y Desarrollo Institucional, la Facultad de Ciencias Econ\u00f3micas de la UNT puso en marcha el\u00a0proyecto de voluntariado \u00abTransformaci\u00f3n Digital\u00bb, aprobado por la Secretar\u00eda de Pol\u00edticas Universitarias (SPU). El objetivo del proyecto es\u00a0brindar alfabetizaci\u00f3n en Tecnolog\u00edas de la Informaci\u00f3n y Comunicaci\u00f3n a integrantes de Cocinas Comunitarias de la provincia [&hellip;]<\/p>\n","protected":false},"author":123457,"featured_media":14116,"comment_status":"open","ping_status":"open","sticky":false,"template":"","format":"standard","meta":{"_et_pb_use_builder":"","_et_pb_old_content":"","_et_gb_content_width":"","footnotes":""},"categories":[4],"tags":[914,766,570,915],"_links":{"self":[{"href":"https:\/\/face.unt.edu.ar\/web\/wp-json\/wp\/v2\/posts\/14115"}],"collection":[{"href":"https:\/\/face.unt.edu.ar\/web\/wp-json\/wp\/v2\/posts"}],"about":[{"href":"https:\/\/face.unt.edu.ar\/web\/wp-json\/wp\/v2\/types\/post"}],"author":[{"embeddable":true,"href":"https:\/\/face.unt.edu.ar\/web\/wp-json\/wp\/v2\/users\/123457"}],"replies":[{"embeddable":true,"href":"https:\/\/face.unt.edu.ar\/web\/wp-json\/wp\/v2\/comments?post=14115"}],"version-history":[{"count":1,"href":"https:\/\/face.unt.edu.ar\/web\/wp-json\/wp\/v2\/posts\/14115\/revisions"}],"predecessor-version":[{"id":14117,"href":"https:\/\/face.unt.edu.ar\/web\/wp-json\/wp\/v2\/posts\/14115\/revisions\/14117"}],"wp:featuredmedia":[{"embeddable":true,"href":"https:\/\/face.unt.edu.ar\/web\/wp-json\/wp\/v2\/media\/14116"}],"wp:attachment":[{"href":"https:\/\/face.unt.edu.ar\/web\/wp-json\/wp\/v2\/media?parent=14115"}],"wp:term":[{"taxonomy":"category","embeddable":true,"href":"https:\/\/face.unt.edu.ar\/web\/wp-json\/wp\/v2\/categories?post=14115"},{"taxonomy":"post_tag","embeddable":true,"href":"https:\/\/face.unt.edu.ar\/web\/wp-json\/wp\/v2\/tags?post=14115"}],"curies":[{"name":"wp","href":"https:\/\/api.w.org\/{rel}","templated":true}]}}