{"id":14118,"date":"2022-07-07T14:30:07","date_gmt":"2022-07-07T14:30:07","guid":{"rendered":"https:\/\/face.unt.edu.ar\/web\/?p=14118"},"modified":"2022-07-07T16:18:55","modified_gmt":"2022-07-07T16:18:55","slug":"convocatoria-abierta-a-los-proyectos-federales-de-innovacion-2022","status":"publish","type":"post","link":"https:\/\/face.unt.edu.ar\/web\/blog\/convocatoria-abierta-a-los-proyectos-federales-de-innovacion-2022\/","title":{"rendered":"Convocatoria abierta a los Proyectos Federales de Innovaci\u00f3n 2022"},"content":{"rendered":"<p>Hasta el 24 de Julio estar\u00e1 abierta la convocatoria para Los \u201cProyectos Federales de Innovaci\u00f3n 2022\u201d que tienen como objetivo dar soluci\u00f3n a problemas sociales, productivos y ambientales concretos, de alcance municipal, provincial y regional en la Rep\u00fablica Argentina, a trav\u00e9s del financiamiento de proyectos de generaci\u00f3n y transferencia del conocimiento cient\u00edfico-tecnol\u00f3gico.<\/p>\n<p>La convocatoria procura contribuir a la federalizaci\u00f3n de la ciencia y la tecnolog\u00eda promoviendo una cultura innovadora territorial e inclusiva, orientada a disminuir las asimetr\u00edas en el acceso al conocimiento cient\u00edfico y tecnol\u00f3gico, en un todo congruente con los Objetivos de Desarrollo Sostenible (ODS) propiciados por la UNESCO.<\/p>\n<p>Los proyectos deber\u00e1n nacer del acuerdo entre una instituci\u00f3n que identifica y plantea un problema a resolver y la instituci\u00f3n que aporta un desarrollo innovador a trav\u00e9s de la soluci\u00f3n cient\u00edfico-tecnol\u00f3gica. Se podr\u00e1n sumar otras instituciones con aporte de contraparte o capital humano. Del mencionado acuerdo se definir\u00e1 aquella instituci\u00f3n que se desempe\u00f1ar\u00e1 como \u201cinstituci\u00f3n responsable\u201d encargada de la coordinaci\u00f3n y ejecuci\u00f3n del proyecto, y tendr\u00e1 a su cargo la firma del convenio de subvenci\u00f3n.<\/p>\n<p>Las autoridades provinciales en el \u00c1rea gubernamental de Ciencia y Tecnolog\u00eda, acreditadas ante el Consejo Federal de Ciencia y Tecnolog\u00eda (COFECyT), evaluar\u00e1n y jerarquizar\u00e1n los proyectos en concordancia con los Vectores de Desarrollo Social (VeDSPA) y Productivo de las Agendas Territoriales Integradoras (ATI) elaboradas para el PLAN NACIONAL DE CIENCIA, TECNOLOG\u00cdA E INNOVACI\u00d3N 2030. La elegibilidad estar\u00e1 a cargo de la Subsecretar\u00eda de Federalizaci\u00f3n de la Ciencia, Tecnolog\u00eda e Innovaci\u00f3n del MINCyT y la evaluaci\u00f3n cient\u00edfico-tecnol\u00f3gica de factibilidad la realizar\u00e1n las\/los evaluadores externos.<\/p>\n<p>&nbsp;<\/p>\n<p>Instituci\u00f3n Responsable<\/p>\n<p>Podr\u00e1n ser Instituci\u00f3n Responsable de esta convocatoria las instituciones del Sistema Cient\u00edfico y Tecnol\u00f3gico Nacional o Provincial (Universidades, CONICET, INTA, INTI, EEAOC, INA, etc.); Empresas p\u00fablicas o privadas con actividades en I+D+i; Organismos P\u00fablicos nacionales, provinciales y municipales con densidad t\u00e9cnica econ\u00f3mica y de gesti\u00f3n para garantizar la concreci\u00f3n exitosa del proyecto.<\/p>\n<p>&nbsp;<\/p>\n<p>Financiaci\u00f3n<\/p>\n<p>El MINCyT destinar\u00e1 un monto total de PESOS DOS MIL CUATROCIENTOS MILLONES ($2.400.000.000) para la adjudicaci\u00f3n de aportes no reembolsables (ANR).<\/p>\n<p>Se otorgar\u00e1 un cupo de financiamiento de hasta CIEN MILLONES de pesos ($100.000.000) a cada provincia y a la C.A.B.A.<\/p>\n<p>&nbsp;<\/p>\n<p>El monto del aporte de fuente MINCyT de cada proyecto no podr\u00e1 ser inferior a PESOS DIEZ MILLONES ($10.000.000). Excepcionalmente, a solicitud de los Representantes de Ciencia y Tecnolog\u00eda jurisdiccionales, se contemplar\u00e1n proyectos con aportes MINCyT no inferiores a PESOS CINCO MILLONES ($5.000.000), que deber\u00e1 ser evaluada por el MINCyT.<\/p>\n<p>&nbsp;<\/p>\n<p>El ANR no podr\u00e1 exceder el OCHENTA POR CIENTO (80%) del costo total del proyecto. El resto deber\u00e1 ser aportado por los\/las beneficiarios\/as y\/o por terceros\/as, como aportes de contraparte. Cuando las Instituciones Responsables fueran empresas privadas u otras entidades con fin de lucro se exigir\u00e1 una contrapartida dineraria no inferior al TREINTA POR CIENTO (30%) del costo total del proyecto.<\/p>\n<p>&nbsp;<\/p>\n<p>Presentaci\u00f3n<\/p>\n<p>Los proyectos deber\u00e1n ser presentados en modalidad digital ante la autoridad de Ciencia y Tecnolog\u00eda de la Jurisdicci\u00f3n donde ser\u00e1n ejecutados.<\/p>\n<p>La\/El \u201cRepresentante Jurisdiccional\u201d recibir\u00e1 todos los proyectos desde la fecha de apertura de la convocatoria y hasta la fecha de cierre. Dentro de los DIEZ (10) d\u00edas posteriores al cierre de la convocatoria las autoridades remitir\u00e1n a la Subsecretar\u00eda de Federalizaci\u00f3n de la Ciencia, Tecnolog\u00eda e Innovaci\u00f3n (SSFCTI) el \u201cActa de pertinencia y orden de m\u00e9rito Jurisdiccional\u201d de todos los proyectos presentados con su correspondiente orden de priorizaci\u00f3n.<\/p>\n<p>Dentro de los CINCO (5) d\u00edas posteriores a la presentaci\u00f3n del \u201cActa de pertinencia y orden de m\u00e9rito Jurisdiccional\u201d, la UVT administradora deber\u00e1 ingresar los proyectos priorizados y sus anexos por medio de la plataforma de tr\u00e1mites a distancia TAD.<\/p>\n<p>&nbsp;<\/p>\n<p>M\u00e1s informaci\u00f3n<\/p>\n<p>Las consultas s\u00f3lo podr\u00e1n efectuarse por correo electr\u00f3nico a convocatoriapfi2022@mincyt.gob.ar.<\/p>\n","protected":false},"excerpt":{"rendered":"<p>Hasta el 24 de Julio estar\u00e1 abierta la convocatoria para Los \u201cProyectos Federales de Innovaci\u00f3n 2022\u201d que tienen como objetivo dar soluci\u00f3n a problemas sociales, productivos y ambientales concretos, de alcance municipal, provincial y regional en la Rep\u00fablica Argentina, a trav\u00e9s del financiamiento de proyectos de generaci\u00f3n y transferencia del conocimiento cient\u00edfico-tecnol\u00f3gico. La convocatoria procura [&hellip;]<\/p>\n","protected":false},"author":123457,"featured_media":14121,"comment_status":"open","ping_status":"open","sticky":false,"template":"","format":"standard","meta":{"_et_pb_use_builder":"","_et_pb_old_content":"","_et_gb_content_width":"","footnotes":""},"categories":[237,4],"tags":[921,861,428,920],"_links":{"self":[{"href":"https:\/\/face.unt.edu.ar\/web\/wp-json\/wp\/v2\/posts\/14118"}],"collection":[{"href":"https:\/\/face.unt.edu.ar\/web\/wp-json\/wp\/v2\/posts"}],"about":[{"href":"https:\/\/face.unt.edu.ar\/web\/wp-json\/wp\/v2\/types\/post"}],"author":[{"embeddable":true,"href":"https:\/\/face.unt.edu.ar\/web\/wp-json\/wp\/v2\/users\/123457"}],"replies":[{"embeddable":true,"href":"https:\/\/face.unt.edu.ar\/web\/wp-json\/wp\/v2\/comments?post=14118"}],"version-history":[{"count":1,"href":"https:\/\/face.unt.edu.ar\/web\/wp-json\/wp\/v2\/posts\/14118\/revisions"}],"predecessor-version":[{"id":14119,"href":"https:\/\/face.unt.edu.ar\/web\/wp-json\/wp\/v2\/posts\/14118\/revisions\/14119"}],"wp:featuredmedia":[{"embeddable":true,"href":"https:\/\/face.unt.edu.ar\/web\/wp-json\/wp\/v2\/media\/14121"}],"wp:attachment":[{"href":"https:\/\/face.unt.edu.ar\/web\/wp-json\/wp\/v2\/media?parent=14118"}],"wp:term":[{"taxonomy":"category","embeddable":true,"href":"https:\/\/face.unt.edu.ar\/web\/wp-json\/wp\/v2\/categories?post=14118"},{"taxonomy":"post_tag","embeddable":true,"href":"https:\/\/face.unt.edu.ar\/web\/wp-json\/wp\/v2\/tags?post=14118"}],"curies":[{"name":"wp","href":"https:\/\/api.w.org\/{rel}","templated":true}]}}