{"id":14147,"date":"2022-07-08T15:24:34","date_gmt":"2022-07-08T15:24:34","guid":{"rendered":"https:\/\/face.unt.edu.ar\/web\/?p=14147"},"modified":"2022-07-08T15:24:34","modified_gmt":"2022-07-08T15:24:34","slug":"nueva-iluminacion-de-pasillos-para-mayor-seguridad-de-nuestros-estudiantes","status":"publish","type":"post","link":"https:\/\/face.unt.edu.ar\/web\/blog\/nueva-iluminacion-de-pasillos-para-mayor-seguridad-de-nuestros-estudiantes\/","title":{"rendered":"Nueva iluminaci\u00f3n de pasillos para mayor seguridad de nuestros estudiantes"},"content":{"rendered":"<p>Avanzamos con la colocaci\u00f3n de luminarias en los pasillos de los Anfiteatros A3 y A4 de nuestra facultad, acciones que forman parte de la agenda de refacciones edilicias que estamos llevando adelante desde esta gesti\u00f3n. Iluminaci\u00f3n que adem\u00e1s, favorece a todo este sector del Centro Herrera.<\/p>\n<div class=\"cxmmr5t8 oygrvhab hcukyx3x c1et5uql o9v6fnle ii04i59q\">\n<div dir=\"auto\">Sabemos que es fundamental brindar mayor seguridad a los estudiantes\u00a0de nuestra Casa que cursan sus materias en horarios vespertinos, por eso nos comprometemos a generar las condiciones necesarias para ello.<\/div>\n<\/div>\n<div><\/div>\n<div><\/div>\n<div><\/div>\n<div>Con el esfuerzo colectivo y el aporte que todos realizamos a nuestra Asociaci\u00f3n Cooperadora pudimos concretar esta obra.<\/div>\n<div><\/div>\n<div><a href=\"https:\/\/face.unt.edu.ar\/web\/wp-content\/uploads\/2022\/07\/luz-2.jpg\"><img decoding=\"async\" loading=\"lazy\" class=\"alignnone  wp-image-14151\" src=\"https:\/\/face.unt.edu.ar\/web\/wp-content\/uploads\/2022\/07\/luz-2-226x300.jpg\" alt=\"\" width=\"274\" height=\"364\" srcset=\"https:\/\/face.unt.edu.ar\/web\/wp-content\/uploads\/2022\/07\/luz-2-226x300.jpg 226w, https:\/\/face.unt.edu.ar\/web\/wp-content\/uploads\/2022\/07\/luz-2-696x924.jpg 696w, https:\/\/face.unt.edu.ar\/web\/wp-content\/uploads\/2022\/07\/luz-2-316x420.jpg 316w, https:\/\/face.unt.edu.ar\/web\/wp-content\/uploads\/2022\/07\/luz-2-633x840.jpg 633w, https:\/\/face.unt.edu.ar\/web\/wp-content\/uploads\/2022\/07\/luz-2.jpg 723w\" sizes=\"(max-width: 274px) 100vw, 274px\" \/><\/a><a href=\"https:\/\/face.unt.edu.ar\/web\/wp-content\/uploads\/2022\/07\/luz-4.jpg\"><img decoding=\"async\" loading=\"lazy\" class=\"alignnone  wp-image-14153\" src=\"https:\/\/face.unt.edu.ar\/web\/wp-content\/uploads\/2022\/07\/luz-4-169x300.jpg\" alt=\"\" width=\"205\" height=\"364\" srcset=\"https:\/\/face.unt.edu.ar\/web\/wp-content\/uploads\/2022\/07\/luz-4-169x300.jpg 169w, https:\/\/face.unt.edu.ar\/web\/wp-content\/uploads\/2022\/07\/luz-4-236x420.jpg 236w, https:\/\/face.unt.edu.ar\/web\/wp-content\/uploads\/2022\/07\/luz-4-473x840.jpg 473w, https:\/\/face.unt.edu.ar\/web\/wp-content\/uploads\/2022\/07\/luz-4.jpg 540w\" sizes=\"(max-width: 205px) 100vw, 205px\" \/><\/a><\/div>\n<div><\/div>\n<div><a href=\"https:\/\/face.unt.edu.ar\/web\/wp-content\/uploads\/2022\/07\/luz-1.jpg\"><img decoding=\"async\" loading=\"lazy\" class=\"alignnone  wp-image-14150\" src=\"https:\/\/face.unt.edu.ar\/web\/wp-content\/uploads\/2022\/07\/luz-1-300x142.jpg\" alt=\"\" width=\"429\" height=\"203\" srcset=\"https:\/\/face.unt.edu.ar\/web\/wp-content\/uploads\/2022\/07\/luz-1-300x142.jpg 300w, https:\/\/face.unt.edu.ar\/web\/wp-content\/uploads\/2022\/07\/luz-1-1024x485.jpg 1024w, https:\/\/face.unt.edu.ar\/web\/wp-content\/uploads\/2022\/07\/luz-1-768x364.jpg 768w, https:\/\/face.unt.edu.ar\/web\/wp-content\/uploads\/2022\/07\/luz-1-696x330.jpg 696w, https:\/\/face.unt.edu.ar\/web\/wp-content\/uploads\/2022\/07\/luz-1-886x420.jpg 886w, https:\/\/face.unt.edu.ar\/web\/wp-content\/uploads\/2022\/07\/luz-1.jpg 1032w\" sizes=\"(max-width: 429px) 100vw, 429px\" \/><\/a><\/div>\n<div><a href=\"https:\/\/face.unt.edu.ar\/web\/wp-content\/uploads\/2022\/07\/luz-6.jpg\"><img decoding=\"async\" loading=\"lazy\" class=\"alignnone  wp-image-14154\" src=\"https:\/\/face.unt.edu.ar\/web\/wp-content\/uploads\/2022\/07\/luz-6-300x142.jpg\" alt=\"\" width=\"436\" height=\"206\" srcset=\"https:\/\/face.unt.edu.ar\/web\/wp-content\/uploads\/2022\/07\/luz-6-300x142.jpg 300w, https:\/\/face.unt.edu.ar\/web\/wp-content\/uploads\/2022\/07\/luz-6-1024x485.jpg 1024w, https:\/\/face.unt.edu.ar\/web\/wp-content\/uploads\/2022\/07\/luz-6-768x364.jpg 768w, https:\/\/face.unt.edu.ar\/web\/wp-content\/uploads\/2022\/07\/luz-6-696x330.jpg 696w, https:\/\/face.unt.edu.ar\/web\/wp-content\/uploads\/2022\/07\/luz-6-886x420.jpg 886w, https:\/\/face.unt.edu.ar\/web\/wp-content\/uploads\/2022\/07\/luz-6.jpg 1032w\" sizes=\"(max-width: 436px) 100vw, 436px\" \/><\/a><\/div>\n<div><a href=\"https:\/\/face.unt.edu.ar\/web\/wp-content\/uploads\/2022\/07\/luz-3-1.jpg\"><img decoding=\"async\" loading=\"lazy\" class=\"alignnone  wp-image-14157\" src=\"https:\/\/face.unt.edu.ar\/web\/wp-content\/uploads\/2022\/07\/luz-3-1-300x225.jpg\" alt=\"\" width=\"413\" height=\"310\" srcset=\"https:\/\/face.unt.edu.ar\/web\/wp-content\/uploads\/2022\/07\/luz-3-1-300x225.jpg 300w, https:\/\/face.unt.edu.ar\/web\/wp-content\/uploads\/2022\/07\/luz-3-1-768x576.jpg 768w, https:\/\/face.unt.edu.ar\/web\/wp-content\/uploads\/2022\/07\/luz-3-1-80x60.jpg 80w, https:\/\/face.unt.edu.ar\/web\/wp-content\/uploads\/2022\/07\/luz-3-1-160x120.jpg 160w, https:\/\/face.unt.edu.ar\/web\/wp-content\/uploads\/2022\/07\/luz-3-1-265x198.jpg 265w, https:\/\/face.unt.edu.ar\/web\/wp-content\/uploads\/2022\/07\/luz-3-1-530x396.jpg 530w, https:\/\/face.unt.edu.ar\/web\/wp-content\/uploads\/2022\/07\/luz-3-1-696x522.jpg 696w, https:\/\/face.unt.edu.ar\/web\/wp-content\/uploads\/2022\/07\/luz-3-1-560x420.jpg 560w, https:\/\/face.unt.edu.ar\/web\/wp-content\/uploads\/2022\/07\/luz-3-1.jpg 960w\" sizes=\"(max-width: 413px) 100vw, 413px\" \/><\/a><\/div>\n","protected":false},"excerpt":{"rendered":"<p>Avanzamos con la colocaci\u00f3n de luminarias en los pasillos de los Anfiteatros A3 y A4 de nuestra facultad, acciones que forman parte de la agenda de refacciones edilicias que estamos llevando adelante desde esta gesti\u00f3n. Iluminaci\u00f3n que adem\u00e1s, favorece a todo este sector del Centro Herrera. Sabemos que es fundamental brindar mayor seguridad a los [&hellip;]<\/p>\n","protected":false},"author":123457,"featured_media":14148,"comment_status":"open","ping_status":"open","sticky":false,"template":"","format":"standard","meta":{"_et_pb_use_builder":"","_et_pb_old_content":"","_et_gb_content_width":"","footnotes":""},"categories":[4],"tags":[376,861,922,923,833],"_links":{"self":[{"href":"https:\/\/face.unt.edu.ar\/web\/wp-json\/wp\/v2\/posts\/14147"}],"collection":[{"href":"https:\/\/face.unt.edu.ar\/web\/wp-json\/wp\/v2\/posts"}],"about":[{"href":"https:\/\/face.unt.edu.ar\/web\/wp-json\/wp\/v2\/types\/post"}],"author":[{"embeddable":true,"href":"https:\/\/face.unt.edu.ar\/web\/wp-json\/wp\/v2\/users\/123457"}],"replies":[{"embeddable":true,"href":"https:\/\/face.unt.edu.ar\/web\/wp-json\/wp\/v2\/comments?post=14147"}],"version-history":[{"count":3,"href":"https:\/\/face.unt.edu.ar\/web\/wp-json\/wp\/v2\/posts\/14147\/revisions"}],"predecessor-version":[{"id":14158,"href":"https:\/\/face.unt.edu.ar\/web\/wp-json\/wp\/v2\/posts\/14147\/revisions\/14158"}],"wp:featuredmedia":[{"embeddable":true,"href":"https:\/\/face.unt.edu.ar\/web\/wp-json\/wp\/v2\/media\/14148"}],"wp:attachment":[{"href":"https:\/\/face.unt.edu.ar\/web\/wp-json\/wp\/v2\/media?parent=14147"}],"wp:term":[{"taxonomy":"category","embeddable":true,"href":"https:\/\/face.unt.edu.ar\/web\/wp-json\/wp\/v2\/categories?post=14147"},{"taxonomy":"post_tag","embeddable":true,"href":"https:\/\/face.unt.edu.ar\/web\/wp-json\/wp\/v2\/tags?post=14147"}],"curies":[{"name":"wp","href":"https:\/\/api.w.org\/{rel}","templated":true}]}}