{"id":14167,"date":"2022-07-25T14:45:55","date_gmt":"2022-07-25T14:45:55","guid":{"rendered":"https:\/\/face.unt.edu.ar\/web\/?p=14167"},"modified":"2022-07-25T14:45:55","modified_gmt":"2022-07-25T14:45:55","slug":"ya-salio-la-edicion-n-10-de-nuestra-revista-economicas-digital","status":"publish","type":"post","link":"https:\/\/face.unt.edu.ar\/web\/blog\/ya-salio-la-edicion-n-10-de-nuestra-revista-economicas-digital\/","title":{"rendered":"Ya sali\u00f3 la edici\u00f3n N\u00b0 10 de nuestra revista \u201cEcon\u00f3micas Digital\u201d"},"content":{"rendered":"<p>No pueden perderse este nuevo n\u00famero con destacadas personalidades de nuestra Casa.<\/p>\n<p>En esta ocasi\u00f3n, presentamos una entrevista exclusiva al <strong>Ph. D Juan Pablo Nicolini<\/strong>, graduado de nuestra facultad, quien se encuentra trabajando en el Banco de la Reserva Federal de Estados Unidos.<\/p>\n<p>Tambi\u00e9n, el comentario de actualidad del <strong>Cr. Jorge Bellomio<\/strong>, sobre la presentaci\u00f3n del libro \u201cNueva RT N\u00b0 37 Modificaciones RT N\u00b053 a la Norma de Auditoria y otros encargos &#8211; An\u00e1lisis Comparativo\u201d.<\/p>\n<p>Adem\u00e1s, la participaci\u00f3n del estudiante <strong>Emiliano Koch<\/strong>, quien obtuvo una menci\u00f3n en la Categor\u00eda \u201cC\u201d por su trabajo de investigaci\u00f3n titulado \u201cEl Control en las Pymes- Estudio de caso de una empresa Argentina en el a\u00f1o 2021\u201d.<\/p>\n<p>En Investigaci\u00f3n, la <strong>Mg. Beatriz \u00c1lvarez<\/strong> y la <strong>Lic. Florencia Correa Deza<\/strong> presentan su trabajo \u201cBrechas de g\u00e9nero en la Universidad Nacional de Tucum\u00e1n. Una exploraci\u00f3n preliminar\u201d.<\/p>\n<p><a href=\"https:\/\/drive.google.com\/file\/d\/16YtEbrPPVZqVPuoxPAD05jFGIi05FPPA\/view?usp=sharing\" target=\"_blank\" rel=\"noopener\"><strong>Pueden ver y descargar la revista Econ\u00f3micas Digital N\u00b010 haciendo clic aqu\u00ed<\/strong><\/a><\/p>\n","protected":false},"excerpt":{"rendered":"<p>No pueden perderse este nuevo n\u00famero con destacadas personalidades de nuestra Casa. En esta ocasi\u00f3n, presentamos una entrevista exclusiva al Ph. D Juan Pablo Nicolini, graduado de nuestra facultad, quien se encuentra trabajando en el Banco de la Reserva Federal de Estados Unidos. Tambi\u00e9n, el comentario de actualidad del Cr. Jorge Bellomio, sobre la presentaci\u00f3n [&hellip;]<\/p>\n","protected":false},"author":2,"featured_media":13353,"comment_status":"open","ping_status":"open","sticky":false,"template":"","format":"standard","meta":{"_et_pb_use_builder":"","_et_pb_old_content":"","_et_gb_content_width":"","footnotes":""},"categories":[4],"tags":[],"_links":{"self":[{"href":"https:\/\/face.unt.edu.ar\/web\/wp-json\/wp\/v2\/posts\/14167"}],"collection":[{"href":"https:\/\/face.unt.edu.ar\/web\/wp-json\/wp\/v2\/posts"}],"about":[{"href":"https:\/\/face.unt.edu.ar\/web\/wp-json\/wp\/v2\/types\/post"}],"author":[{"embeddable":true,"href":"https:\/\/face.unt.edu.ar\/web\/wp-json\/wp\/v2\/users\/2"}],"replies":[{"embeddable":true,"href":"https:\/\/face.unt.edu.ar\/web\/wp-json\/wp\/v2\/comments?post=14167"}],"version-history":[{"count":1,"href":"https:\/\/face.unt.edu.ar\/web\/wp-json\/wp\/v2\/posts\/14167\/revisions"}],"predecessor-version":[{"id":14168,"href":"https:\/\/face.unt.edu.ar\/web\/wp-json\/wp\/v2\/posts\/14167\/revisions\/14168"}],"wp:featuredmedia":[{"embeddable":true,"href":"https:\/\/face.unt.edu.ar\/web\/wp-json\/wp\/v2\/media\/13353"}],"wp:attachment":[{"href":"https:\/\/face.unt.edu.ar\/web\/wp-json\/wp\/v2\/media?parent=14167"}],"wp:term":[{"taxonomy":"category","embeddable":true,"href":"https:\/\/face.unt.edu.ar\/web\/wp-json\/wp\/v2\/categories?post=14167"},{"taxonomy":"post_tag","embeddable":true,"href":"https:\/\/face.unt.edu.ar\/web\/wp-json\/wp\/v2\/tags?post=14167"}],"curies":[{"name":"wp","href":"https:\/\/api.w.org\/{rel}","templated":true}]}}