{"id":14170,"date":"2022-07-26T14:30:23","date_gmt":"2022-07-26T14:30:23","guid":{"rendered":"https:\/\/face.unt.edu.ar\/web\/?p=14170"},"modified":"2022-07-26T14:31:00","modified_gmt":"2022-07-26T14:31:00","slug":"primer-congreso-regional-estado-y-administracion-redface","status":"publish","type":"post","link":"https:\/\/face.unt.edu.ar\/web\/blog\/primer-congreso-regional-estado-y-administracion-redface\/","title":{"rendered":"Primer Congreso Regional Estado y Administraci\u00f3n &#8211; REDFACE"},"content":{"rendered":"<p>La <strong>Facultad de Ciencias Econ\u00f3micas y de Administraci\u00f3n de la Universidad Nacional de Catamarca<\/strong>, invita a participar del <strong>\u00abI Congreso Regional Estado y Administraci\u00f3n &#8211; 2022\u00bb<\/strong> bajo el lema \u00abEl Estado Pos-Pandemia\u00bb. El mismo se realizar\u00e1 de manera <strong>presencial<\/strong> y con inscripci\u00f3n previa, los d\u00edas <strong>20 y 21 de Octubre de 2022.<\/strong><\/p>\n<p><strong>Objetivo general:<\/strong><\/p>\n<p>Crear un espacio para la reflexi\u00f3n, el intercambio de experiencias, la difusi\u00f3n de investigaciones, la formaci\u00f3n y fortalecimiento de redes comunicacionales y sociales, con el firme objetivo de propiciar la construcci\u00f3n de un Estado Nacional, Provincial y Local como base de una sociedad m\u00e1s justa para todos.<\/p>\n<p><strong>Presentaci\u00f3n de Resumen:<\/strong><\/p>\n<p><strong>El plazo de presentaci\u00f3n del Resumen ser\u00e1 hasta el 07 de Septiembre de 2022<\/strong>. Los autores deber\u00e1n realizar obligatoriamente la inscripci\u00f3n, con todos los datos requeridos.<\/p>\n<p><strong>\u00a0<\/strong><strong>Consideraciones importantes: <\/strong><\/p>\n<p>La organizaci\u00f3n del Congreso confirmar\u00e1 la recepci\u00f3n del trabajo v\u00eda correo electr\u00f3nico al menos a uno de los autores. Los postulantes ser\u00e1n notificados de la decisi\u00f3n del Comit\u00e9 sobre su aceptaci\u00f3n o no.<\/p>\n<ul>\n<li>Enviar el resumen por correo electr\u00f3nico a<strong> <a href=\"mailto:congresoregional2022@eco.unca.edu.ar\">congresoregional2022@eco.unca.edu.ar<\/a><\/strong><\/li>\n<li>Confirmar la participaci\u00f3n en el congreso a trav\u00e9s del Formulario de Inscripci\u00f3n:\u00a0 <a href=\"https:\/\/forms.gle\/ZxvPJUERWWaaEZPMA\" target=\"_blank\" rel=\"noopener\"><strong>https:\/\/forms.gle\/ZxvPJUERWWaaEZPMA<\/strong><\/a><strong>\u00a0<\/strong><\/li>\n<\/ul>\n<p><strong>Presentaci\u00f3n de Ponencias:<\/strong><\/p>\n<p>Las ponencias, cuyos res\u00famenes hayan sido aprobados, deber\u00e1n enviarse, por correo electr\u00f3nico a<strong>\u00a0<a href=\"mailto:congresoregional2022@eco.unca.edu.ar\">congresoregional2022@eco.unca.edu.ar<\/a><\/strong>. El <strong>plazo de presentaci\u00f3n de Ponencias ser\u00e1 hasta el 03 de Octubre de 2022.<\/strong><\/p>\n<p><strong>Aranceles<\/strong><\/p>\n<p>El costo del arancel de inscripci\u00f3n ha sido estructurado sobre bases diferenciales en funci\u00f3n de la pertenencia de los participantes que decidan inscribirse:<\/p>\n<p><strong>Integrantes de la REDFACE:<\/strong><br \/>\nDocentes\/Investigadores: $2.000<br \/>\nEstudiantes: $500<\/p>\n<p><strong>Participantes en General<\/strong><br \/>\nOtros: $3.000<br \/>\nEstudiantes: $1.000<\/p>\n<p><strong>Consultas:\u00a0<a href=\"mailto:congresoregional2022@eco.unca.edu.ar\">congresoregional2022@eco.unca.edu.ar<\/a><\/strong><\/p>\n<p><a href=\"https:\/\/drive.google.com\/file\/d\/1omVMjPWaK8t5ekDPq0HPxwGIGZjVk4bi\/view?usp=sharing\" target=\"_blank\" rel=\"noopener\"><strong>Para acceder al Reglamento del Congreso hacer clic aqu\u00ed.<\/strong><\/a><\/p>\n<p>&nbsp;<\/p>\n","protected":false},"excerpt":{"rendered":"<p>La Facultad de Ciencias Econ\u00f3micas y de Administraci\u00f3n de la Universidad Nacional de Catamarca, invita a participar del \u00abI Congreso Regional Estado y Administraci\u00f3n &#8211; 2022\u00bb bajo el lema \u00abEl Estado Pos-Pandemia\u00bb. El mismo se realizar\u00e1 de manera presencial y con inscripci\u00f3n previa, los d\u00edas 20 y 21 de Octubre de 2022. Objetivo general: Crear [&hellip;]<\/p>\n","protected":false},"author":2,"featured_media":14171,"comment_status":"open","ping_status":"open","sticky":false,"template":"","format":"standard","meta":{"_et_pb_use_builder":"","_et_pb_old_content":"","_et_gb_content_width":"","footnotes":""},"categories":[4],"tags":[368],"_links":{"self":[{"href":"https:\/\/face.unt.edu.ar\/web\/wp-json\/wp\/v2\/posts\/14170"}],"collection":[{"href":"https:\/\/face.unt.edu.ar\/web\/wp-json\/wp\/v2\/posts"}],"about":[{"href":"https:\/\/face.unt.edu.ar\/web\/wp-json\/wp\/v2\/types\/post"}],"author":[{"embeddable":true,"href":"https:\/\/face.unt.edu.ar\/web\/wp-json\/wp\/v2\/users\/2"}],"replies":[{"embeddable":true,"href":"https:\/\/face.unt.edu.ar\/web\/wp-json\/wp\/v2\/comments?post=14170"}],"version-history":[{"count":2,"href":"https:\/\/face.unt.edu.ar\/web\/wp-json\/wp\/v2\/posts\/14170\/revisions"}],"predecessor-version":[{"id":14173,"href":"https:\/\/face.unt.edu.ar\/web\/wp-json\/wp\/v2\/posts\/14170\/revisions\/14173"}],"wp:featuredmedia":[{"embeddable":true,"href":"https:\/\/face.unt.edu.ar\/web\/wp-json\/wp\/v2\/media\/14171"}],"wp:attachment":[{"href":"https:\/\/face.unt.edu.ar\/web\/wp-json\/wp\/v2\/media?parent=14170"}],"wp:term":[{"taxonomy":"category","embeddable":true,"href":"https:\/\/face.unt.edu.ar\/web\/wp-json\/wp\/v2\/categories?post=14170"},{"taxonomy":"post_tag","embeddable":true,"href":"https:\/\/face.unt.edu.ar\/web\/wp-json\/wp\/v2\/tags?post=14170"}],"curies":[{"name":"wp","href":"https:\/\/api.w.org\/{rel}","templated":true}]}}