{"id":14174,"date":"2022-07-26T14:37:40","date_gmt":"2022-07-26T14:37:40","guid":{"rendered":"https:\/\/face.unt.edu.ar\/web\/?p=14174"},"modified":"2022-07-26T15:06:01","modified_gmt":"2022-07-26T15:06:01","slug":"reunion-con-la-embajadora-del-reino-unido-kristy-hayes","status":"publish","type":"post","link":"https:\/\/face.unt.edu.ar\/web\/blog\/reunion-con-la-embajadora-del-reino-unido-kristy-hayes\/","title":{"rendered":"Reuni\u00f3n con la embajadora del Reino Unido Kristy Hayes"},"content":{"rendered":"<p>El decano de nuestra facultad, <strong>Mg. Jorge Rospide<\/strong> y el director acad\u00e9mico del LAPDE, <strong>MSc Alejandro Danon<\/strong>, participaron de una cena con la embajadora del Reino Unido, <strong>Kristy Hayes<\/strong>.<\/p>\n<p>El encuentro se realiz\u00f3 el pasado viernes 15 de Julio, a fin de consolidar los v\u00ednculos con becarios y acad\u00e9micos de nuestra provincia.<\/p>\n<p>Tambi\u00e9n asistieron <strong>Emily Hourmouzios<\/strong>, Head, Political and Programmes, los integrantes de Chevening Alumni, referentes del sector privado acad\u00e9mico de la provincia, ONGs de Tucum\u00e1n y Alumnis del Reino Unido.<\/p>\n<p>Desde la <strong>Facultad de Ciencias Econ\u00f3micas de la UNT<\/strong> entendemos que es fundamental reforzar esta relaci\u00f3n a fin de generar nuevas oportunidades de intercambio para nuestros estudiantes; y fortalecer los proyectos de nuestro <strong>Laboratorio de Pol\u00edticas P\u00fablicas para el Desarrollo Equitativo<\/strong> a trav\u00e9s del intercambio acad\u00e9mico y profesional con el\u00a0 Reino Unido.<\/p>\n<p><img decoding=\"async\" loading=\"lazy\" class=\"aligncenter wp-image-14178\" src=\"https:\/\/face.unt.edu.ar\/web\/wp-content\/uploads\/2022\/07\/WhatsApp-Image-2022-07-15-at-11.39.32-187x300.jpg\" alt=\"\" width=\"331\" height=\"531\" srcset=\"https:\/\/face.unt.edu.ar\/web\/wp-content\/uploads\/2022\/07\/WhatsApp-Image-2022-07-15-at-11.39.32-187x300.jpg 187w, https:\/\/face.unt.edu.ar\/web\/wp-content\/uploads\/2022\/07\/WhatsApp-Image-2022-07-15-at-11.39.32-262x420.jpg 262w, https:\/\/face.unt.edu.ar\/web\/wp-content\/uploads\/2022\/07\/WhatsApp-Image-2022-07-15-at-11.39.32-525x840.jpg 525w, https:\/\/face.unt.edu.ar\/web\/wp-content\/uploads\/2022\/07\/WhatsApp-Image-2022-07-15-at-11.39.32.jpg 573w\" sizes=\"(max-width: 331px) 100vw, 331px\" \/><\/p>\n<p>&nbsp;<\/p>\n","protected":false},"excerpt":{"rendered":"<p>El decano de nuestra facultad, Mg. Jorge Rospide y el director acad\u00e9mico del LAPDE, MSc Alejandro Danon, participaron de una cena con la embajadora del Reino Unido, Kristy Hayes. El encuentro se realiz\u00f3 el pasado viernes 15 de Julio, a fin de consolidar los v\u00ednculos con becarios y acad\u00e9micos de nuestra provincia. Tambi\u00e9n asistieron Emily [&hellip;]<\/p>\n","protected":false},"author":2,"featured_media":14175,"comment_status":"open","ping_status":"open","sticky":false,"template":"","format":"standard","meta":{"_et_pb_use_builder":"","_et_pb_old_content":"","_et_gb_content_width":"","footnotes":""},"categories":[4],"tags":[376,704,924,817],"_links":{"self":[{"href":"https:\/\/face.unt.edu.ar\/web\/wp-json\/wp\/v2\/posts\/14174"}],"collection":[{"href":"https:\/\/face.unt.edu.ar\/web\/wp-json\/wp\/v2\/posts"}],"about":[{"href":"https:\/\/face.unt.edu.ar\/web\/wp-json\/wp\/v2\/types\/post"}],"author":[{"embeddable":true,"href":"https:\/\/face.unt.edu.ar\/web\/wp-json\/wp\/v2\/users\/2"}],"replies":[{"embeddable":true,"href":"https:\/\/face.unt.edu.ar\/web\/wp-json\/wp\/v2\/comments?post=14174"}],"version-history":[{"count":4,"href":"https:\/\/face.unt.edu.ar\/web\/wp-json\/wp\/v2\/posts\/14174\/revisions"}],"predecessor-version":[{"id":14181,"href":"https:\/\/face.unt.edu.ar\/web\/wp-json\/wp\/v2\/posts\/14174\/revisions\/14181"}],"wp:featuredmedia":[{"embeddable":true,"href":"https:\/\/face.unt.edu.ar\/web\/wp-json\/wp\/v2\/media\/14175"}],"wp:attachment":[{"href":"https:\/\/face.unt.edu.ar\/web\/wp-json\/wp\/v2\/media?parent=14174"}],"wp:term":[{"taxonomy":"category","embeddable":true,"href":"https:\/\/face.unt.edu.ar\/web\/wp-json\/wp\/v2\/categories?post=14174"},{"taxonomy":"post_tag","embeddable":true,"href":"https:\/\/face.unt.edu.ar\/web\/wp-json\/wp\/v2\/tags?post=14174"}],"curies":[{"name":"wp","href":"https:\/\/api.w.org\/{rel}","templated":true}]}}