{"id":14183,"date":"2022-07-28T14:44:07","date_gmt":"2022-07-28T14:44:07","guid":{"rendered":"https:\/\/face.unt.edu.ar\/web\/?p=14183"},"modified":"2022-07-28T15:15:05","modified_gmt":"2022-07-28T15:15:05","slug":"se-desarrollo-con-exito-la-matila-de-la-face-unt","status":"publish","type":"post","link":"https:\/\/face.unt.edu.ar\/web\/blog\/se-desarrollo-con-exito-la-matila-de-la-face-unt\/","title":{"rendered":"\u00abSe desarroll\u00f3 con \u00e9xito la MATILA\u00a0de la FACE\u00a0UNT\u00bb"},"content":{"rendered":"<p><em><br \/>\nSer\u00e1 replicada en otras universidades del pa\u00eds<\/em><\/p>\n<p>La Muestra Acad\u00e9mica de Trabajos de Investigaci\u00f3n de la Licenciatura en Administraci\u00f3n de nuestra Facultad, que se realiz\u00f3 con\u00a0 modalidad virtual,\u00a0 cont\u00f3 en esta\u00a0XI\u00a0edici\u00f3n, con la participaci\u00f3n de Docentes moderadores de la Universidad Nacional de la Plata, la Universidad Nacional del Sur, \u00a0la Universidad Nacional de Misiones, la Universidad Nacional de Catamarca, la Universidad Nacional de R\u00edo\u00a0Cuarto y la Universidad Nacional de Tucum\u00e1n.<\/p>\n<p>Las ponencias fueron organizadas en 8 mesas tem\u00e1ticas, donde bajo un exhaustivo an\u00e1lisis, los moderadores eligieron a los mejores trabajos de investigaci\u00f3n, que luego fueron premiados.<\/p>\n<p>Debido al gran nivel de los trabajos de investigaci\u00f3n presentados y a la din\u00e1mica innovadora de la Muestra,\u00a0Docentes de diversas universidades nacionales, que participaron como moderadores en las mesas panel,\u00a0felicitaron a los organizadores y expresaron su intenci\u00f3n de replicar la MATILA en cada una de sus universidades.<\/p>\n<p>Los espacios curriculares fueron:<\/p>\n<p>Taller de Metodolog\u00eda de la Investigaci\u00f3n en Administraci\u00f3n<br \/>\nInvestigaci\u00f3n Operativa\/An\u00e1lisis Cuantitativo de Negocios I<br \/>\nPr\u00e1ctica Profesional de la Licenciatura en Administraci\u00f3n<br \/>\nFormulaci\u00f3n y Evaluaci\u00f3n de Proyectos de Inversi\u00f3n<br \/>\nActualizaci\u00f3n en Temas de Administraci\u00f3n<\/p>\n<p>\u00abFelicitamos de manera especial, a nuestros estudiantes por la dedicaci\u00f3n y el compromiso puesto en cada proyecto de investigaci\u00f3n, demostrando excelencia acad\u00e9mica y un gran nivel de producci\u00f3n. A todo el equipo del Instituto de Administraci\u00f3n, a cargo del Prof. Marcelo Medina Galv\u00e1n; a los asistentes, moderadores y colegas que participaron \u00a0en esta edici\u00f3n de la Muestra\u00bb, manifest\u00f3 el decano de nuestra Facultad, Mg. Jorge Rospide.<\/p>\n<p>\u00abEstas actividades son importantes porque representan una oportunidad para generar espacios de di\u00e1logo, socializar, compartir producciones, enriquecernos mutuamente y contribuir, en particular, al fortalecimiento de la investigaci\u00f3n en la carrera de grado de la Licenciatura en Administraci\u00f3n.<\/p>\n<p>Desde nuestra Facultad seguiremos fomentando la investigaci\u00f3n y comprometidos en el trabajo articulado con otras universidades.\u00bb<\/p>\n<p><a href=\"https:\/\/face.unt.edu.ar\/web\/wp-content\/uploads\/2022\/07\/rospide-galvan.png\"><img decoding=\"async\" loading=\"lazy\" class=\"alignnone size-medium wp-image-14195\" src=\"https:\/\/face.unt.edu.ar\/web\/wp-content\/uploads\/2022\/07\/rospide-galvan-300x164.png\" alt=\"\" width=\"300\" height=\"164\" srcset=\"https:\/\/face.unt.edu.ar\/web\/wp-content\/uploads\/2022\/07\/rospide-galvan-300x164.png 300w, https:\/\/face.unt.edu.ar\/web\/wp-content\/uploads\/2022\/07\/rospide-galvan.png 696w\" sizes=\"(max-width: 300px) 100vw, 300px\" \/><\/a><a href=\"https:\/\/face.unt.edu.ar\/web\/wp-content\/uploads\/2022\/07\/matila-falta.png\"><img decoding=\"async\" loading=\"lazy\" class=\"alignnone size-medium wp-image-14216\" src=\"https:\/\/face.unt.edu.ar\/web\/wp-content\/uploads\/2022\/07\/matila-falta-300x168.png\" alt=\"\" width=\"300\" height=\"168\" srcset=\"https:\/\/face.unt.edu.ar\/web\/wp-content\/uploads\/2022\/07\/matila-falta-300x168.png 300w, https:\/\/face.unt.edu.ar\/web\/wp-content\/uploads\/2022\/07\/matila-falta.png 643w\" sizes=\"(max-width: 300px) 100vw, 300px\" \/><\/a> <a href=\"https:\/\/face.unt.edu.ar\/web\/wp-content\/uploads\/2022\/07\/matila6-1.png\"><img decoding=\"async\" loading=\"lazy\" class=\"alignnone size-medium wp-image-14213\" src=\"https:\/\/face.unt.edu.ar\/web\/wp-content\/uploads\/2022\/07\/matila6-1-300x169.png\" alt=\"\" width=\"300\" height=\"169\" srcset=\"https:\/\/face.unt.edu.ar\/web\/wp-content\/uploads\/2022\/07\/matila6-1-300x169.png 300w, https:\/\/face.unt.edu.ar\/web\/wp-content\/uploads\/2022\/07\/matila6-1.png 696w\" sizes=\"(max-width: 300px) 100vw, 300px\" \/><\/a> <a href=\"https:\/\/face.unt.edu.ar\/web\/wp-content\/uploads\/2022\/07\/matila5-1.png\"><img decoding=\"async\" loading=\"lazy\" class=\"alignnone size-medium wp-image-14212\" src=\"https:\/\/face.unt.edu.ar\/web\/wp-content\/uploads\/2022\/07\/matila5-1-300x169.png\" alt=\"\" width=\"300\" height=\"169\" srcset=\"https:\/\/face.unt.edu.ar\/web\/wp-content\/uploads\/2022\/07\/matila5-1-300x169.png 300w, https:\/\/face.unt.edu.ar\/web\/wp-content\/uploads\/2022\/07\/matila5-1.png 694w\" sizes=\"(max-width: 300px) 100vw, 300px\" \/><\/a> <a href=\"https:\/\/face.unt.edu.ar\/web\/wp-content\/uploads\/2022\/07\/matila-7-2.png\"><img decoding=\"async\" loading=\"lazy\" class=\"alignnone size-medium wp-image-14210\" src=\"https:\/\/face.unt.edu.ar\/web\/wp-content\/uploads\/2022\/07\/matila-7-2-300x169.png\" alt=\"\" width=\"300\" height=\"169\" srcset=\"https:\/\/face.unt.edu.ar\/web\/wp-content\/uploads\/2022\/07\/matila-7-2-300x169.png 300w, https:\/\/face.unt.edu.ar\/web\/wp-content\/uploads\/2022\/07\/matila-7-2.png 693w\" sizes=\"(max-width: 300px) 100vw, 300px\" \/><\/a> <a href=\"https:\/\/face.unt.edu.ar\/web\/wp-content\/uploads\/2022\/07\/matila-4-2.png\"><img decoding=\"async\" loading=\"lazy\" class=\"alignnone size-medium wp-image-14209\" src=\"https:\/\/face.unt.edu.ar\/web\/wp-content\/uploads\/2022\/07\/matila-4-2-300x169.png\" alt=\"\" width=\"300\" height=\"169\" srcset=\"https:\/\/face.unt.edu.ar\/web\/wp-content\/uploads\/2022\/07\/matila-4-2-300x169.png 300w, https:\/\/face.unt.edu.ar\/web\/wp-content\/uploads\/2022\/07\/matila-4-2.png 695w\" sizes=\"(max-width: 300px) 100vw, 300px\" \/><\/a> <a href=\"https:\/\/face.unt.edu.ar\/web\/wp-content\/uploads\/2022\/07\/matila5.png\"><img decoding=\"async\" loading=\"lazy\" class=\"alignnone size-medium wp-image-14204\" src=\"https:\/\/face.unt.edu.ar\/web\/wp-content\/uploads\/2022\/07\/matila5-300x169.png\" alt=\"\" width=\"300\" height=\"169\" srcset=\"https:\/\/face.unt.edu.ar\/web\/wp-content\/uploads\/2022\/07\/matila5-300x169.png 300w, https:\/\/face.unt.edu.ar\/web\/wp-content\/uploads\/2022\/07\/matila5.png 694w\" sizes=\"(max-width: 300px) 100vw, 300px\" \/><\/a> <a href=\"https:\/\/face.unt.edu.ar\/web\/wp-content\/uploads\/2022\/07\/matila-3-2.png\"><img decoding=\"async\" loading=\"lazy\" class=\"alignnone size-medium wp-image-14208\" src=\"https:\/\/face.unt.edu.ar\/web\/wp-content\/uploads\/2022\/07\/matila-3-2-300x169.png\" alt=\"\" width=\"300\" height=\"169\" srcset=\"https:\/\/face.unt.edu.ar\/web\/wp-content\/uploads\/2022\/07\/matila-3-2-300x169.png 300w, https:\/\/face.unt.edu.ar\/web\/wp-content\/uploads\/2022\/07\/matila-3-2.png 696w\" sizes=\"(max-width: 300px) 100vw, 300px\" \/><\/a><a href=\"https:\/\/face.unt.edu.ar\/web\/wp-content\/uploads\/2022\/07\/matila-1-1.png\"><img decoding=\"async\" loading=\"lazy\" class=\"alignnone size-medium wp-image-14206\" src=\"https:\/\/face.unt.edu.ar\/web\/wp-content\/uploads\/2022\/07\/matila-1-1-300x143.png\" alt=\"\" width=\"300\" height=\"143\" srcset=\"https:\/\/face.unt.edu.ar\/web\/wp-content\/uploads\/2022\/07\/matila-1-1-300x143.png 300w, https:\/\/face.unt.edu.ar\/web\/wp-content\/uploads\/2022\/07\/matila-1-1-768x367.png 768w, https:\/\/face.unt.edu.ar\/web\/wp-content\/uploads\/2022\/07\/matila-1-1-696x333.png 696w, https:\/\/face.unt.edu.ar\/web\/wp-content\/uploads\/2022\/07\/matila-1-1.png 839w\" sizes=\"(max-width: 300px) 100vw, 300px\" \/><\/a> <a href=\"https:\/\/face.unt.edu.ar\/web\/wp-content\/uploads\/2022\/07\/matila-2-2.png\"><img decoding=\"async\" loading=\"lazy\" class=\"alignnone wp-image-14207\" src=\"https:\/\/face.unt.edu.ar\/web\/wp-content\/uploads\/2022\/07\/matila-2-2-300x169.png\" alt=\"\" width=\"289\" height=\"163\" srcset=\"https:\/\/face.unt.edu.ar\/web\/wp-content\/uploads\/2022\/07\/matila-2-2-300x169.png 300w, https:\/\/face.unt.edu.ar\/web\/wp-content\/uploads\/2022\/07\/matila-2-2.png 696w\" sizes=\"(max-width: 289px) 100vw, 289px\" \/><\/a><\/p>\n<p><iframe loading=\"lazy\" title=\"Acto de Cierre y Premiaci\u00f3n - XI MATILA\" width=\"1080\" height=\"608\" src=\"https:\/\/www.youtube.com\/embed\/DdKgQ_JK4mE?start=2466&#038;feature=oembed\"  allow=\"accelerometer; autoplay; clipboard-write; encrypted-media; gyroscope; picture-in-picture; web-share\" referrerpolicy=\"strict-origin-when-cross-origin\" allowfullscreen><\/iframe><\/p>\n<p>&nbsp;<\/p>\n","protected":false},"excerpt":{"rendered":"<p>Ser\u00e1 replicada en otras universidades del pa\u00eds La Muestra Acad\u00e9mica de Trabajos de Investigaci\u00f3n de la Licenciatura en Administraci\u00f3n de nuestra Facultad, que se realiz\u00f3 con\u00a0 modalidad virtual,\u00a0 cont\u00f3 en esta\u00a0XI\u00a0edici\u00f3n, con la participaci\u00f3n de Docentes moderadores de la Universidad Nacional de la Plata, la Universidad Nacional del Sur, \u00a0la Universidad Nacional de Misiones, la [&hellip;]<\/p>\n","protected":false},"author":123457,"featured_media":14215,"comment_status":"open","ping_status":"open","sticky":false,"template":"","format":"standard","meta":{"_et_pb_use_builder":"","_et_pb_old_content":"","_et_gb_content_width":"","footnotes":""},"categories":[4],"tags":[376,36,403,925,796,926,444,24],"_links":{"self":[{"href":"https:\/\/face.unt.edu.ar\/web\/wp-json\/wp\/v2\/posts\/14183"}],"collection":[{"href":"https:\/\/face.unt.edu.ar\/web\/wp-json\/wp\/v2\/posts"}],"about":[{"href":"https:\/\/face.unt.edu.ar\/web\/wp-json\/wp\/v2\/types\/post"}],"author":[{"embeddable":true,"href":"https:\/\/face.unt.edu.ar\/web\/wp-json\/wp\/v2\/users\/123457"}],"replies":[{"embeddable":true,"href":"https:\/\/face.unt.edu.ar\/web\/wp-json\/wp\/v2\/comments?post=14183"}],"version-history":[{"count":7,"href":"https:\/\/face.unt.edu.ar\/web\/wp-json\/wp\/v2\/posts\/14183\/revisions"}],"predecessor-version":[{"id":14219,"href":"https:\/\/face.unt.edu.ar\/web\/wp-json\/wp\/v2\/posts\/14183\/revisions\/14219"}],"wp:featuredmedia":[{"embeddable":true,"href":"https:\/\/face.unt.edu.ar\/web\/wp-json\/wp\/v2\/media\/14215"}],"wp:attachment":[{"href":"https:\/\/face.unt.edu.ar\/web\/wp-json\/wp\/v2\/media?parent=14183"}],"wp:term":[{"taxonomy":"category","embeddable":true,"href":"https:\/\/face.unt.edu.ar\/web\/wp-json\/wp\/v2\/categories?post=14183"},{"taxonomy":"post_tag","embeddable":true,"href":"https:\/\/face.unt.edu.ar\/web\/wp-json\/wp\/v2\/tags?post=14183"}],"curies":[{"name":"wp","href":"https:\/\/api.w.org\/{rel}","templated":true}]}}