{"id":14245,"date":"2022-08-02T11:41:40","date_gmt":"2022-08-02T11:41:40","guid":{"rendered":"https:\/\/face.unt.edu.ar\/web\/?p=14245"},"modified":"2022-08-02T12:15:55","modified_gmt":"2022-08-02T12:15:55","slug":"nuestra-facultad-inauguro-los-cursos-de-la-escuela-de-educacion-profesional-de-la-unt","status":"publish","type":"post","link":"https:\/\/face.unt.edu.ar\/web\/blog\/nuestra-facultad-inauguro-los-cursos-de-la-escuela-de-educacion-profesional-de-la-unt\/","title":{"rendered":"Nuestra Facultad inaugur\u00f3 los cursos de la Escuela de Educaci\u00f3n Profesional de la UNT"},"content":{"rendered":"<p>&nbsp;<\/p>\n<p>Se realiz\u00f3 el lanzamiento de la <strong>Escuela de Educaci\u00f3n Profesional de la UNT<\/strong> con uno de los cursos\u00a0 que se dictar\u00e1 en nuestra Facultad. La inauguraci\u00f3n cont\u00f3 con la presencia del director de la Escuela, <strong>Farmac\u00e9utico Gustavo Paz<\/strong>; el decano, <strong>Mg. Jorge Rospide<\/strong>; el secretario de Extensi\u00f3n y Desarrollo Institucional (SEDI), <strong>CPN Ariel Apichela<\/strong>; la subsecretaria de Posgrado, <strong>Esp. Gabriela S\u00e1nchez<\/strong>; y la coordinadora de la SEDI, <strong>CPN Raquel Giannini<\/strong>.<\/p>\n<p>\u00abEstas capacitaciones tienen como objetivo el crecimiento personal y profesional de los participantes, ofreciendo\u00a0 peque\u00f1os trayectos curriculares gratuitos, bien concretos, que otorgan herramientas para lograr una mejor inserci\u00f3n laboral de quienes lo cursan\u201d, expres\u00f3 el Director de la Escuela.<\/p>\n<p>Adem\u00e1s de desearles \u00e9xitos a los asistentes, destac\u00f3 el prestigio de nuestra Facultad y sus docentes.<\/p>\n<p><img decoding=\"async\" loading=\"lazy\" class=\"size-medium wp-image-14248 alignleft\" src=\"https:\/\/face.unt.edu.ar\/web\/wp-content\/uploads\/2022\/08\/extension-face-unt-3-300x225.jpg\" alt=\"\" width=\"300\" height=\"225\" srcset=\"https:\/\/face.unt.edu.ar\/web\/wp-content\/uploads\/2022\/08\/extension-face-unt-3-300x225.jpg 300w, https:\/\/face.unt.edu.ar\/web\/wp-content\/uploads\/2022\/08\/extension-face-unt-3-768x576.jpg 768w, https:\/\/face.unt.edu.ar\/web\/wp-content\/uploads\/2022\/08\/extension-face-unt-3-80x60.jpg 80w, https:\/\/face.unt.edu.ar\/web\/wp-content\/uploads\/2022\/08\/extension-face-unt-3-160x120.jpg 160w, https:\/\/face.unt.edu.ar\/web\/wp-content\/uploads\/2022\/08\/extension-face-unt-3-265x198.jpg 265w, https:\/\/face.unt.edu.ar\/web\/wp-content\/uploads\/2022\/08\/extension-face-unt-3-530x396.jpg 530w, https:\/\/face.unt.edu.ar\/web\/wp-content\/uploads\/2022\/08\/extension-face-unt-3-696x522.jpg 696w, https:\/\/face.unt.edu.ar\/web\/wp-content\/uploads\/2022\/08\/extension-face-unt-3-560x420.jpg 560w, https:\/\/face.unt.edu.ar\/web\/wp-content\/uploads\/2022\/08\/extension-face-unt-3.jpg 900w\" sizes=\"(max-width: 300px) 100vw, 300px\" \/> <img decoding=\"async\" loading=\"lazy\" class=\"size-medium wp-image-14249 alignleft\" src=\"https:\/\/face.unt.edu.ar\/web\/wp-content\/uploads\/2022\/08\/extension-face-unt-4-300x225.jpg\" alt=\"\" width=\"300\" height=\"225\" srcset=\"https:\/\/face.unt.edu.ar\/web\/wp-content\/uploads\/2022\/08\/extension-face-unt-4-300x225.jpg 300w, https:\/\/face.unt.edu.ar\/web\/wp-content\/uploads\/2022\/08\/extension-face-unt-4-768x576.jpg 768w, https:\/\/face.unt.edu.ar\/web\/wp-content\/uploads\/2022\/08\/extension-face-unt-4-80x60.jpg 80w, https:\/\/face.unt.edu.ar\/web\/wp-content\/uploads\/2022\/08\/extension-face-unt-4-160x120.jpg 160w, https:\/\/face.unt.edu.ar\/web\/wp-content\/uploads\/2022\/08\/extension-face-unt-4-265x198.jpg 265w, https:\/\/face.unt.edu.ar\/web\/wp-content\/uploads\/2022\/08\/extension-face-unt-4-530x396.jpg 530w, https:\/\/face.unt.edu.ar\/web\/wp-content\/uploads\/2022\/08\/extension-face-unt-4-696x522.jpg 696w, https:\/\/face.unt.edu.ar\/web\/wp-content\/uploads\/2022\/08\/extension-face-unt-4-560x420.jpg 560w, https:\/\/face.unt.edu.ar\/web\/wp-content\/uploads\/2022\/08\/extension-face-unt-4.jpg 900w\" sizes=\"(max-width: 300px) 100vw, 300px\" \/><\/p>\n<p>&nbsp;<\/p>\n<p>&nbsp;<\/p>\n<p>&nbsp;<\/p>\n<p>&nbsp;<\/p>\n<p>&nbsp;<\/p>\n<p>Por su parte, el Decano, agradeci\u00f3 a la Secretar\u00eda de Extensi\u00f3n de la UNT y a la Direcci\u00f3n de la Escuela por esta iniciativa: \u201cEstamos agradecidos y\u00a0 vamos a colaborar en este espacio. Somos una instituci\u00f3n con 75 a\u00f1os de experiencia en la formaci\u00f3n de profesionales de las Ciencias Econ\u00f3micas, y es nuestra intenci\u00f3n desde hace muchos a\u00f1os, brindar capacitaciones que sean abiertas a toda la comunidad\u201d.<\/p>\n<p><img decoding=\"async\" loading=\"lazy\" class=\"aligncenter wp-image-14251\" src=\"https:\/\/face.unt.edu.ar\/web\/wp-content\/uploads\/2022\/08\/extension-face-unt-2-300x225.jpg\" alt=\"\" width=\"384\" height=\"288\" srcset=\"https:\/\/face.unt.edu.ar\/web\/wp-content\/uploads\/2022\/08\/extension-face-unt-2-300x225.jpg 300w, https:\/\/face.unt.edu.ar\/web\/wp-content\/uploads\/2022\/08\/extension-face-unt-2-768x576.jpg 768w, https:\/\/face.unt.edu.ar\/web\/wp-content\/uploads\/2022\/08\/extension-face-unt-2-80x60.jpg 80w, https:\/\/face.unt.edu.ar\/web\/wp-content\/uploads\/2022\/08\/extension-face-unt-2-160x120.jpg 160w, https:\/\/face.unt.edu.ar\/web\/wp-content\/uploads\/2022\/08\/extension-face-unt-2-265x198.jpg 265w, https:\/\/face.unt.edu.ar\/web\/wp-content\/uploads\/2022\/08\/extension-face-unt-2-530x396.jpg 530w, https:\/\/face.unt.edu.ar\/web\/wp-content\/uploads\/2022\/08\/extension-face-unt-2-696x522.jpg 696w, https:\/\/face.unt.edu.ar\/web\/wp-content\/uploads\/2022\/08\/extension-face-unt-2-560x420.jpg 560w, https:\/\/face.unt.edu.ar\/web\/wp-content\/uploads\/2022\/08\/extension-face-unt-2.jpg 900w\" sizes=\"(max-width: 384px) 100vw, 384px\" \/><\/p>\n","protected":false},"excerpt":{"rendered":"<p>&nbsp; Se realiz\u00f3 el lanzamiento de la Escuela de Educaci\u00f3n Profesional de la UNT con uno de los cursos\u00a0 que se dictar\u00e1 en nuestra Facultad. La inauguraci\u00f3n cont\u00f3 con la presencia del director de la Escuela, Farmac\u00e9utico Gustavo Paz; el decano, Mg. Jorge Rospide; el secretario de Extensi\u00f3n y Desarrollo Institucional (SEDI), CPN Ariel Apichela; [&hellip;]<\/p>\n","protected":false},"author":2,"featured_media":14247,"comment_status":"open","ping_status":"open","sticky":false,"template":"","format":"standard","meta":{"_et_pb_use_builder":"","_et_pb_old_content":"","_et_gb_content_width":"","footnotes":""},"categories":[4],"tags":[705,933,929,375,931,930,704,932,24],"_links":{"self":[{"href":"https:\/\/face.unt.edu.ar\/web\/wp-json\/wp\/v2\/posts\/14245"}],"collection":[{"href":"https:\/\/face.unt.edu.ar\/web\/wp-json\/wp\/v2\/posts"}],"about":[{"href":"https:\/\/face.unt.edu.ar\/web\/wp-json\/wp\/v2\/types\/post"}],"author":[{"embeddable":true,"href":"https:\/\/face.unt.edu.ar\/web\/wp-json\/wp\/v2\/users\/2"}],"replies":[{"embeddable":true,"href":"https:\/\/face.unt.edu.ar\/web\/wp-json\/wp\/v2\/comments?post=14245"}],"version-history":[{"count":3,"href":"https:\/\/face.unt.edu.ar\/web\/wp-json\/wp\/v2\/posts\/14245\/revisions"}],"predecessor-version":[{"id":14253,"href":"https:\/\/face.unt.edu.ar\/web\/wp-json\/wp\/v2\/posts\/14245\/revisions\/14253"}],"wp:featuredmedia":[{"embeddable":true,"href":"https:\/\/face.unt.edu.ar\/web\/wp-json\/wp\/v2\/media\/14247"}],"wp:attachment":[{"href":"https:\/\/face.unt.edu.ar\/web\/wp-json\/wp\/v2\/media?parent=14245"}],"wp:term":[{"taxonomy":"category","embeddable":true,"href":"https:\/\/face.unt.edu.ar\/web\/wp-json\/wp\/v2\/categories?post=14245"},{"taxonomy":"post_tag","embeddable":true,"href":"https:\/\/face.unt.edu.ar\/web\/wp-json\/wp\/v2\/tags?post=14245"}],"curies":[{"name":"wp","href":"https:\/\/api.w.org\/{rel}","templated":true}]}}