{"id":14318,"date":"2022-08-09T11:49:37","date_gmt":"2022-08-09T11:49:37","guid":{"rendered":"https:\/\/face.unt.edu.ar\/web\/?p=14318"},"modified":"2022-08-09T11:49:37","modified_gmt":"2022-08-09T11:49:37","slug":"un-encuentro-para-dialogar-sobre-nuestra-realidad-academica","status":"publish","type":"post","link":"https:\/\/face.unt.edu.ar\/web\/blog\/un-encuentro-para-dialogar-sobre-nuestra-realidad-academica\/","title":{"rendered":"Un encuentro para dialogar sobre nuestra realidad acad\u00e9mica"},"content":{"rendered":"<p>El decano, <strong>Mg. Jorge Rospide<\/strong>; el vicedecano, <strong>Esp. Gustavo Sota<\/strong> y la secretaria Acad\u00e9mica, <strong>Mg. Mar\u00eda Liliana Pacheco<\/strong>, <strong>se reunieron con los abanderados y escoltas salientes y entrantes de nuestra Facultad.<\/strong><\/p>\n<p>El encuentro se dio como <strong>un espacio para conocer las experiencias y opiniones<\/strong> de los estudiantes y pr\u00f3ximos egresados durante el cursado de su carrera, y <strong>los proyectos que tienen a futuro.<\/strong><\/p>\n<p>Fue una reuni\u00f3n muy fruct\u00edfera donde los estudiantes pudieron expresar su punto de vista respecto de la forma en la que se dictan los trayectos curriculares y las modificaciones que podr\u00edan introducirse. En este sentido, las autoridades destacaron la importancia de <strong>escuchar y capitalizar sus opiniones, a fin de poder adaptar las clases a los nuevos tiempos y poder brindar un sistema de cursado mejor.<\/strong><\/p>\n<p>Al respecto, la Secretaria Acad\u00e9mica hizo alusi\u00f3n a que \u201cla pandemia nos plante\u00f3 una nueva forma de avanzar en lo acad\u00e9mico. Debemos seguir progresando para mejorar las estrategias de ense\u00f1anza-aprendizaje\u201d.<\/p>\n<p>Por su parte, el Vicedecano coment\u00f3 que est\u00e1n trabajando con las c\u00e1tedras para realizar algunos cambios en el dictado de las materias, que ayuden a optimizar el cursado y beneficien a los estudiantes.<\/p>\n<p>Por otro lado, el Decano manifest\u00f3: \u201cQueremos seguir con esa huella tradicional de nuestra Facultad y tambi\u00e9n innovar, adaptarnos hacia los nuevos desaf\u00edos: c\u00f3mo ense\u00f1ar mejor, c\u00f3mo potenciar nuestras capacidades y las nuevas metodolog\u00edas; porque son las que nos transformar\u00e1n en una Facultad L\u00edder\u201d. Finalmente agreg\u00f3: \u201cUstedes son el presente y el futuro de nuestra instituci\u00f3n. El egresado es nuestra marca, por eso generamos este espacio de di\u00e1logo ya que su mirada nos enriquece\u201d.<\/p>\n<p><img decoding=\"async\" loading=\"lazy\" class=\"size-medium wp-image-14321 alignleft\" src=\"https:\/\/face.unt.edu.ar\/web\/wp-content\/uploads\/2022\/08\/1P1420080-300x225.jpg\" alt=\"\" width=\"300\" height=\"225\" srcset=\"https:\/\/face.unt.edu.ar\/web\/wp-content\/uploads\/2022\/08\/1P1420080-300x225.jpg 300w, https:\/\/face.unt.edu.ar\/web\/wp-content\/uploads\/2022\/08\/1P1420080-768x576.jpg 768w, https:\/\/face.unt.edu.ar\/web\/wp-content\/uploads\/2022\/08\/1P1420080-80x60.jpg 80w, https:\/\/face.unt.edu.ar\/web\/wp-content\/uploads\/2022\/08\/1P1420080-160x120.jpg 160w, https:\/\/face.unt.edu.ar\/web\/wp-content\/uploads\/2022\/08\/1P1420080-265x198.jpg 265w, https:\/\/face.unt.edu.ar\/web\/wp-content\/uploads\/2022\/08\/1P1420080-530x396.jpg 530w, https:\/\/face.unt.edu.ar\/web\/wp-content\/uploads\/2022\/08\/1P1420080-696x522.jpg 696w, https:\/\/face.unt.edu.ar\/web\/wp-content\/uploads\/2022\/08\/1P1420080-560x420.jpg 560w, https:\/\/face.unt.edu.ar\/web\/wp-content\/uploads\/2022\/08\/1P1420080.jpg 900w\" sizes=\"(max-width: 300px) 100vw, 300px\" \/> <img decoding=\"async\" loading=\"lazy\" class=\"size-medium wp-image-14322 alignleft\" src=\"https:\/\/face.unt.edu.ar\/web\/wp-content\/uploads\/2022\/08\/2P1420082-300x225.jpg\" alt=\"\" width=\"300\" height=\"225\" srcset=\"https:\/\/face.unt.edu.ar\/web\/wp-content\/uploads\/2022\/08\/2P1420082-300x225.jpg 300w, https:\/\/face.unt.edu.ar\/web\/wp-content\/uploads\/2022\/08\/2P1420082-768x576.jpg 768w, https:\/\/face.unt.edu.ar\/web\/wp-content\/uploads\/2022\/08\/2P1420082-80x60.jpg 80w, https:\/\/face.unt.edu.ar\/web\/wp-content\/uploads\/2022\/08\/2P1420082-160x120.jpg 160w, https:\/\/face.unt.edu.ar\/web\/wp-content\/uploads\/2022\/08\/2P1420082-265x198.jpg 265w, https:\/\/face.unt.edu.ar\/web\/wp-content\/uploads\/2022\/08\/2P1420082-530x396.jpg 530w, https:\/\/face.unt.edu.ar\/web\/wp-content\/uploads\/2022\/08\/2P1420082-696x522.jpg 696w, https:\/\/face.unt.edu.ar\/web\/wp-content\/uploads\/2022\/08\/2P1420082-560x420.jpg 560w, https:\/\/face.unt.edu.ar\/web\/wp-content\/uploads\/2022\/08\/2P1420082.jpg 900w\" sizes=\"(max-width: 300px) 100vw, 300px\" \/> <img decoding=\"async\" loading=\"lazy\" class=\"aligncenter size-medium wp-image-14323\" src=\"https:\/\/face.unt.edu.ar\/web\/wp-content\/uploads\/2022\/08\/3P1420085-300x225.jpg\" alt=\"\" width=\"300\" height=\"225\" srcset=\"https:\/\/face.unt.edu.ar\/web\/wp-content\/uploads\/2022\/08\/3P1420085-300x225.jpg 300w, https:\/\/face.unt.edu.ar\/web\/wp-content\/uploads\/2022\/08\/3P1420085-768x576.jpg 768w, https:\/\/face.unt.edu.ar\/web\/wp-content\/uploads\/2022\/08\/3P1420085-80x60.jpg 80w, https:\/\/face.unt.edu.ar\/web\/wp-content\/uploads\/2022\/08\/3P1420085-160x120.jpg 160w, https:\/\/face.unt.edu.ar\/web\/wp-content\/uploads\/2022\/08\/3P1420085-265x198.jpg 265w, https:\/\/face.unt.edu.ar\/web\/wp-content\/uploads\/2022\/08\/3P1420085-530x396.jpg 530w, https:\/\/face.unt.edu.ar\/web\/wp-content\/uploads\/2022\/08\/3P1420085-696x522.jpg 696w, https:\/\/face.unt.edu.ar\/web\/wp-content\/uploads\/2022\/08\/3P1420085-560x420.jpg 560w, https:\/\/face.unt.edu.ar\/web\/wp-content\/uploads\/2022\/08\/3P1420085.jpg 900w\" sizes=\"(max-width: 300px) 100vw, 300px\" \/><\/p>\n","protected":false},"excerpt":{"rendered":"<p>El decano, Mg. Jorge Rospide; el vicedecano, Esp. Gustavo Sota y la secretaria Acad\u00e9mica, Mg. Mar\u00eda Liliana Pacheco, se reunieron con los abanderados y escoltas salientes y entrantes de nuestra Facultad. El encuentro se dio como un espacio para conocer las experiencias y opiniones de los estudiantes y pr\u00f3ximos egresados durante el cursado de su [&hellip;]<\/p>\n","protected":false},"author":2,"featured_media":14320,"comment_status":"open","ping_status":"open","sticky":false,"template":"","format":"standard","meta":{"_et_pb_use_builder":"","_et_pb_old_content":"","_et_gb_content_width":"","footnotes":""},"categories":[4],"tags":[936,937,938,704,397],"_links":{"self":[{"href":"https:\/\/face.unt.edu.ar\/web\/wp-json\/wp\/v2\/posts\/14318"}],"collection":[{"href":"https:\/\/face.unt.edu.ar\/web\/wp-json\/wp\/v2\/posts"}],"about":[{"href":"https:\/\/face.unt.edu.ar\/web\/wp-json\/wp\/v2\/types\/post"}],"author":[{"embeddable":true,"href":"https:\/\/face.unt.edu.ar\/web\/wp-json\/wp\/v2\/users\/2"}],"replies":[{"embeddable":true,"href":"https:\/\/face.unt.edu.ar\/web\/wp-json\/wp\/v2\/comments?post=14318"}],"version-history":[{"count":3,"href":"https:\/\/face.unt.edu.ar\/web\/wp-json\/wp\/v2\/posts\/14318\/revisions"}],"predecessor-version":[{"id":14326,"href":"https:\/\/face.unt.edu.ar\/web\/wp-json\/wp\/v2\/posts\/14318\/revisions\/14326"}],"wp:featuredmedia":[{"embeddable":true,"href":"https:\/\/face.unt.edu.ar\/web\/wp-json\/wp\/v2\/media\/14320"}],"wp:attachment":[{"href":"https:\/\/face.unt.edu.ar\/web\/wp-json\/wp\/v2\/media?parent=14318"}],"wp:term":[{"taxonomy":"category","embeddable":true,"href":"https:\/\/face.unt.edu.ar\/web\/wp-json\/wp\/v2\/categories?post=14318"},{"taxonomy":"post_tag","embeddable":true,"href":"https:\/\/face.unt.edu.ar\/web\/wp-json\/wp\/v2\/tags?post=14318"}],"curies":[{"name":"wp","href":"https:\/\/api.w.org\/{rel}","templated":true}]}}