{"id":14329,"date":"2022-08-09T16:29:55","date_gmt":"2022-08-09T16:29:55","guid":{"rendered":"https:\/\/face.unt.edu.ar\/web\/?p=14329"},"modified":"2022-08-09T16:29:55","modified_gmt":"2022-08-09T16:29:55","slug":"acercando-nuestra-facultad-a-los-estudiantes","status":"publish","type":"post","link":"https:\/\/face.unt.edu.ar\/web\/blog\/acercando-nuestra-facultad-a-los-estudiantes\/","title":{"rendered":"Acercando nuestra Facultad a los estudiantes"},"content":{"rendered":"<div class=\"\" data-block=\"true\" data-editor=\"1k8vj\" data-offset-key=\"fqu3g-0-0\">\n<div class=\"_1mf _1mj\" data-offset-key=\"fqu3g-0-0\"><span data-offset-key=\"157um-0-0\">Queremos una <\/span><span class=\"_5zk7\" data-offset-key=\"157um-1-0\"><span data-offset-key=\"157um-1-0\">Facultad<\/span><\/span><span data-offset-key=\"157um-2-0\"> con un v\u00ednculo permanente con nuestros <\/span><span class=\"_5zk7\" data-offset-key=\"157um-3-0\"><span data-offset-key=\"157um-3-0\">estudiantes<\/span><\/span><span data-offset-key=\"157um-4-0\">. Con este fin participamos de la <\/span><span class=\"_5zk7\" data-offset-key=\"157um-5-0\"><span data-offset-key=\"157um-5-0\">Muestra Acad\u00e9mica<\/span><\/span><span data-offset-key=\"157um-6-0\"> de la <\/span><span class=\"_5zk7\" data-offset-key=\"157um-7-0\"><span data-offset-key=\"157um-7-0\">UNT<\/span><\/span><span data-offset-key=\"157um-8-0\"> \u00abUniversidad Abierta\u00bb que se instal\u00f3 en la Casa de la Cultura, en la ciudad de Bella Vista.<\/span><\/div>\n<\/div>\n<div class=\"\" data-block=\"true\" data-editor=\"1k8vj\" data-offset-key=\"3lp79-0-0\">\n<div class=\"_1mf _1mj\" data-offset-key=\"3lp79-0-0\"><span data-offset-key=\"3lp79-0-0\">\u00a0<\/span><\/div>\n<\/div>\n<div class=\"\" data-block=\"true\" data-editor=\"1k8vj\" data-offset-key=\"4u0jl-0-0\">\n<div class=\"_1mf _1mj\" data-offset-key=\"4u0jl-0-0\"><span data-offset-key=\"4u0jl-0-0\">En la actividad estuvieron presentes, el secretario de Gesti\u00f3n y Bienestar Universitario, Esp. Enrique Garc\u00eda Kalat; el subsecretario de Bienestar Estudiantil, Cr. Juan El\u00edas Herrera y estudiantes de nuestra Facultad, quienes brindaron detalles de nuestra oferta acad\u00e9mica a diversos j\u00f3venes del nivel secundario, espacio donde adem\u00e1s pudieron dialogar sobre cuestiones relacionadas a la vida universitaria.<\/p>\n<p><\/span><\/div>\n<div data-offset-key=\"4u0jl-0-0\"><img decoding=\"async\" loading=\"lazy\" class=\"wp-image-14330 aligncenter\" src=\"https:\/\/face.unt.edu.ar\/web\/wp-content\/uploads\/2022\/08\/WhatsApp-Image-2022-08-09-at-07.48.12-300x225.jpeg\" alt=\"\" width=\"417\" height=\"313\" srcset=\"https:\/\/face.unt.edu.ar\/web\/wp-content\/uploads\/2022\/08\/WhatsApp-Image-2022-08-09-at-07.48.12-300x225.jpeg 300w, https:\/\/face.unt.edu.ar\/web\/wp-content\/uploads\/2022\/08\/WhatsApp-Image-2022-08-09-at-07.48.12-768x576.jpeg 768w, https:\/\/face.unt.edu.ar\/web\/wp-content\/uploads\/2022\/08\/WhatsApp-Image-2022-08-09-at-07.48.12-80x60.jpeg 80w, https:\/\/face.unt.edu.ar\/web\/wp-content\/uploads\/2022\/08\/WhatsApp-Image-2022-08-09-at-07.48.12-160x120.jpeg 160w, https:\/\/face.unt.edu.ar\/web\/wp-content\/uploads\/2022\/08\/WhatsApp-Image-2022-08-09-at-07.48.12-265x198.jpeg 265w, https:\/\/face.unt.edu.ar\/web\/wp-content\/uploads\/2022\/08\/WhatsApp-Image-2022-08-09-at-07.48.12-530x396.jpeg 530w, https:\/\/face.unt.edu.ar\/web\/wp-content\/uploads\/2022\/08\/WhatsApp-Image-2022-08-09-at-07.48.12-696x522.jpeg 696w, https:\/\/face.unt.edu.ar\/web\/wp-content\/uploads\/2022\/08\/WhatsApp-Image-2022-08-09-at-07.48.12-560x420.jpeg 560w, https:\/\/face.unt.edu.ar\/web\/wp-content\/uploads\/2022\/08\/WhatsApp-Image-2022-08-09-at-07.48.12.jpeg 1024w\" sizes=\"(max-width: 417px) 100vw, 417px\" \/><span data-offset-key=\"2gu3g-0-0\">\u201cDebemos recordar que somos parte de la comunidad y tenemos una responsabilidad, acercar la Facultad al medio, acercarnos a m\u00e1s <\/span><span class=\"_5zk7\" data-offset-key=\"2gu3g-1-0\"><span data-offset-key=\"2gu3g-1-0\">j\u00f3venes<\/span><\/span><span data-offset-key=\"2gu3g-2-0\"> y futuros estudiantes\u201d expres\u00f3 el Secretario.<\/span><\/div>\n<\/div>\n<div class=\"\" data-block=\"true\" data-editor=\"1k8vj\" data-offset-key=\"6fc0q-0-0\">\n<div class=\"_1mf _1mj\" data-offset-key=\"6fc0q-0-0\"><span data-offset-key=\"6fc0q-0-0\">\u00a0<\/span><\/div>\n<\/div>\n<div class=\"\" data-block=\"true\" data-editor=\"1k8vj\" data-offset-key=\"afu7p-0-0\">\n<div class=\"_1mf _1mj\" data-offset-key=\"afu7p-0-0\"><span data-offset-key=\"afu7p-0-0\">Desde nuestro lugar como instituci\u00f3n continuaremos activos, implementando diversas <\/span><span class=\"_5zk7\" data-offset-key=\"afu7p-1-0\"><span data-offset-key=\"afu7p-1-0\">pol\u00edticas institucionales<\/span><\/span><span data-offset-key=\"afu7p-2-0\"> con el objetivo de transformar positivamente la vida de las personas y ser un factor de progreso para nuestra <\/span><span class=\"_5zk7\" data-offset-key=\"afu7p-3-0\"><span data-offset-key=\"afu7p-3-0\">sociedad<\/span><\/span><span data-offset-key=\"afu7p-4-0\">.<\/span><\/div>\n<\/div>\n<div data-offset-key=\"afu7p-0-0\">.<\/div>\n<div data-offset-key=\"afu7p-0-0\"><\/div>\n<div data-offset-key=\"afu7p-0-0\"><a href=\"https:\/\/face.unt.edu.ar\/web\/wp-content\/uploads\/2022\/08\/WhatsApp-Image-2022-08-09-at-07.48.14.jpeg\"><img decoding=\"async\" loading=\"lazy\" class=\"alignnone  wp-image-14332\" src=\"https:\/\/face.unt.edu.ar\/web\/wp-content\/uploads\/2022\/08\/WhatsApp-Image-2022-08-09-at-07.48.14-300x225.jpeg\" alt=\"\" width=\"318\" height=\"239\" srcset=\"https:\/\/face.unt.edu.ar\/web\/wp-content\/uploads\/2022\/08\/WhatsApp-Image-2022-08-09-at-07.48.14-300x225.jpeg 300w, https:\/\/face.unt.edu.ar\/web\/wp-content\/uploads\/2022\/08\/WhatsApp-Image-2022-08-09-at-07.48.14-768x576.jpeg 768w, https:\/\/face.unt.edu.ar\/web\/wp-content\/uploads\/2022\/08\/WhatsApp-Image-2022-08-09-at-07.48.14-80x60.jpeg 80w, https:\/\/face.unt.edu.ar\/web\/wp-content\/uploads\/2022\/08\/WhatsApp-Image-2022-08-09-at-07.48.14-160x120.jpeg 160w, https:\/\/face.unt.edu.ar\/web\/wp-content\/uploads\/2022\/08\/WhatsApp-Image-2022-08-09-at-07.48.14-265x198.jpeg 265w, https:\/\/face.unt.edu.ar\/web\/wp-content\/uploads\/2022\/08\/WhatsApp-Image-2022-08-09-at-07.48.14-530x396.jpeg 530w, https:\/\/face.unt.edu.ar\/web\/wp-content\/uploads\/2022\/08\/WhatsApp-Image-2022-08-09-at-07.48.14-696x522.jpeg 696w, https:\/\/face.unt.edu.ar\/web\/wp-content\/uploads\/2022\/08\/WhatsApp-Image-2022-08-09-at-07.48.14-560x420.jpeg 560w, https:\/\/face.unt.edu.ar\/web\/wp-content\/uploads\/2022\/08\/WhatsApp-Image-2022-08-09-at-07.48.14.jpeg 1024w\" sizes=\"(max-width: 318px) 100vw, 318px\" \/><\/a> <a href=\"https:\/\/face.unt.edu.ar\/web\/wp-content\/uploads\/2022\/08\/WhatsApp-Image-2022-08-09-at-07.48.29.jpeg\"><img decoding=\"async\" loading=\"lazy\" class=\"alignnone  wp-image-14333\" src=\"https:\/\/face.unt.edu.ar\/web\/wp-content\/uploads\/2022\/08\/WhatsApp-Image-2022-08-09-at-07.48.29-300x225.jpeg\" alt=\"\" width=\"321\" height=\"241\" srcset=\"https:\/\/face.unt.edu.ar\/web\/wp-content\/uploads\/2022\/08\/WhatsApp-Image-2022-08-09-at-07.48.29-300x225.jpeg 300w, https:\/\/face.unt.edu.ar\/web\/wp-content\/uploads\/2022\/08\/WhatsApp-Image-2022-08-09-at-07.48.29-1024x768.jpeg 1024w, https:\/\/face.unt.edu.ar\/web\/wp-content\/uploads\/2022\/08\/WhatsApp-Image-2022-08-09-at-07.48.29-768x576.jpeg 768w, https:\/\/face.unt.edu.ar\/web\/wp-content\/uploads\/2022\/08\/WhatsApp-Image-2022-08-09-at-07.48.29-80x60.jpeg 80w, https:\/\/face.unt.edu.ar\/web\/wp-content\/uploads\/2022\/08\/WhatsApp-Image-2022-08-09-at-07.48.29-160x120.jpeg 160w, https:\/\/face.unt.edu.ar\/web\/wp-content\/uploads\/2022\/08\/WhatsApp-Image-2022-08-09-at-07.48.29-265x198.jpeg 265w, https:\/\/face.unt.edu.ar\/web\/wp-content\/uploads\/2022\/08\/WhatsApp-Image-2022-08-09-at-07.48.29-530x396.jpeg 530w, https:\/\/face.unt.edu.ar\/web\/wp-content\/uploads\/2022\/08\/WhatsApp-Image-2022-08-09-at-07.48.29-696x522.jpeg 696w, https:\/\/face.unt.edu.ar\/web\/wp-content\/uploads\/2022\/08\/WhatsApp-Image-2022-08-09-at-07.48.29.jpeg 1032w, https:\/\/face.unt.edu.ar\/web\/wp-content\/uploads\/2022\/08\/WhatsApp-Image-2022-08-09-at-07.48.29-560x420.jpeg 560w\" sizes=\"(max-width: 321px) 100vw, 321px\" \/><\/a><\/p>\n<p><a href=\"https:\/\/face.unt.edu.ar\/web\/wp-content\/uploads\/2022\/08\/WhatsApp-Image-2022-08-09-at-07.48.32.jpeg\"><img decoding=\"async\" loading=\"lazy\" class=\"wp-image-14334 aligncenter\" src=\"https:\/\/face.unt.edu.ar\/web\/wp-content\/uploads\/2022\/08\/WhatsApp-Image-2022-08-09-at-07.48.32-300x225.jpeg\" alt=\"\" width=\"347\" height=\"260\" srcset=\"https:\/\/face.unt.edu.ar\/web\/wp-content\/uploads\/2022\/08\/WhatsApp-Image-2022-08-09-at-07.48.32-300x225.jpeg 300w, https:\/\/face.unt.edu.ar\/web\/wp-content\/uploads\/2022\/08\/WhatsApp-Image-2022-08-09-at-07.48.32-1024x768.jpeg 1024w, https:\/\/face.unt.edu.ar\/web\/wp-content\/uploads\/2022\/08\/WhatsApp-Image-2022-08-09-at-07.48.32-768x576.jpeg 768w, https:\/\/face.unt.edu.ar\/web\/wp-content\/uploads\/2022\/08\/WhatsApp-Image-2022-08-09-at-07.48.32-80x60.jpeg 80w, https:\/\/face.unt.edu.ar\/web\/wp-content\/uploads\/2022\/08\/WhatsApp-Image-2022-08-09-at-07.48.32-160x120.jpeg 160w, https:\/\/face.unt.edu.ar\/web\/wp-content\/uploads\/2022\/08\/WhatsApp-Image-2022-08-09-at-07.48.32-265x198.jpeg 265w, https:\/\/face.unt.edu.ar\/web\/wp-content\/uploads\/2022\/08\/WhatsApp-Image-2022-08-09-at-07.48.32-530x396.jpeg 530w, https:\/\/face.unt.edu.ar\/web\/wp-content\/uploads\/2022\/08\/WhatsApp-Image-2022-08-09-at-07.48.32-696x522.jpeg 696w, https:\/\/face.unt.edu.ar\/web\/wp-content\/uploads\/2022\/08\/WhatsApp-Image-2022-08-09-at-07.48.32.jpeg 1032w, https:\/\/face.unt.edu.ar\/web\/wp-content\/uploads\/2022\/08\/WhatsApp-Image-2022-08-09-at-07.48.32-560x420.jpeg 560w\" sizes=\"(max-width: 347px) 100vw, 347px\" \/><\/a><\/div>\n","protected":false},"excerpt":{"rendered":"<p>Queremos una Facultad con un v\u00ednculo permanente con nuestros estudiantes. Con este fin participamos de la Muestra Acad\u00e9mica de la UNT \u00abUniversidad Abierta\u00bb que se instal\u00f3 en la Casa de la Cultura, en la ciudad de Bella Vista. \u00a0 En la actividad estuvieron presentes, el secretario de Gesti\u00f3n y Bienestar Universitario, Esp. Enrique Garc\u00eda Kalat; [&hellip;]<\/p>\n","protected":false},"author":123457,"featured_media":14331,"comment_status":"open","ping_status":"open","sticky":false,"template":"","format":"standard","meta":{"_et_pb_use_builder":"","_et_pb_old_content":"","_et_gb_content_width":"","footnotes":""},"categories":[4],"tags":[376,897,36,939,444],"_links":{"self":[{"href":"https:\/\/face.unt.edu.ar\/web\/wp-json\/wp\/v2\/posts\/14329"}],"collection":[{"href":"https:\/\/face.unt.edu.ar\/web\/wp-json\/wp\/v2\/posts"}],"about":[{"href":"https:\/\/face.unt.edu.ar\/web\/wp-json\/wp\/v2\/types\/post"}],"author":[{"embeddable":true,"href":"https:\/\/face.unt.edu.ar\/web\/wp-json\/wp\/v2\/users\/123457"}],"replies":[{"embeddable":true,"href":"https:\/\/face.unt.edu.ar\/web\/wp-json\/wp\/v2\/comments?post=14329"}],"version-history":[{"count":4,"href":"https:\/\/face.unt.edu.ar\/web\/wp-json\/wp\/v2\/posts\/14329\/revisions"}],"predecessor-version":[{"id":14338,"href":"https:\/\/face.unt.edu.ar\/web\/wp-json\/wp\/v2\/posts\/14329\/revisions\/14338"}],"wp:featuredmedia":[{"embeddable":true,"href":"https:\/\/face.unt.edu.ar\/web\/wp-json\/wp\/v2\/media\/14331"}],"wp:attachment":[{"href":"https:\/\/face.unt.edu.ar\/web\/wp-json\/wp\/v2\/media?parent=14329"}],"wp:term":[{"taxonomy":"category","embeddable":true,"href":"https:\/\/face.unt.edu.ar\/web\/wp-json\/wp\/v2\/categories?post=14329"},{"taxonomy":"post_tag","embeddable":true,"href":"https:\/\/face.unt.edu.ar\/web\/wp-json\/wp\/v2\/tags?post=14329"}],"curies":[{"name":"wp","href":"https:\/\/api.w.org\/{rel}","templated":true}]}}