{"id":14368,"date":"2022-08-11T20:15:41","date_gmt":"2022-08-11T20:15:41","guid":{"rendered":"https:\/\/face.unt.edu.ar\/web\/?p=14368"},"modified":"2022-08-16T13:46:44","modified_gmt":"2022-08-16T13:46:44","slug":"seminario-de-tesina-sobre-informalidad-laboral-en-argentina","status":"publish","type":"post","link":"https:\/\/face.unt.edu.ar\/web\/blog\/seminario-de-tesina-sobre-informalidad-laboral-en-argentina\/","title":{"rendered":"Seminario de Tesina sobre informalidad laboral en Argentina"},"content":{"rendered":"<p>Ma\u00f1ana viernes <strong>12 de agosto<\/strong>, se llevar\u00e1 a cabo el <strong>Seminario de Tesina\u00a0 \u00abInformalidad Laboral en Argentina: Evidencia Emp\u00edrica para el periodo 2016-2018\u201d<\/strong>, \u00a0a cargo de <strong>\u00a0Ana Palavecino.<\/strong><\/p>\n<p>Tendr\u00e1 lugar en el <strong>aula 8<\/strong>, a las <strong>9:00 horas<\/strong>, bajo una <strong>modalidad presencial<\/strong>.<\/p>\n<p>La actividad est\u00e1 organizada por el Instituto de Investigaciones Econ\u00f3micas de nuestra Facultad.<\/p>\n<p>Resumen:<\/p>\n<p>La informalidad laboral se ha transformado en un rasgo estructural en Argentina. A pesar de ser una problem\u00e1tica muy estudiada, el debate sobre las causas que la generan a\u00fan est\u00e1 abierto. En parte, se debe a la multiplicidad de enfoques te\u00f3ricos y estrategias emp\u00edricas utilizadas en la literatura. El objetivo de esta investigaci\u00f3n es probar la existencia de en el mercado laboral para el pa\u00eds en el per\u00edodo 2016-2018. En base a microdatos de la EPH, se estima una matriz de transici\u00f3n entre estados laborales, y las brechas salariales asociadas a dichos movimientos. Estas \u00faltimas se estiman en base a un modelo de panel que considera la decisi\u00f3n de participar en el mercado de trabajo.<br \/>\nLos resultados indican que durante el per\u00edodo estudiado la hip\u00f3tesis de segmentaci\u00f3n se\u00a0verifica.<\/p>\n","protected":false},"excerpt":{"rendered":"<p>Ma\u00f1ana viernes 12 de agosto, se llevar\u00e1 a cabo el Seminario de Tesina\u00a0 \u00abInformalidad Laboral en Argentina: Evidencia Emp\u00edrica para el periodo 2016-2018\u201d, \u00a0a cargo de \u00a0Ana Palavecino. Tendr\u00e1 lugar en el aula 8, a las 9:00 horas, bajo una modalidad presencial. La actividad est\u00e1 organizada por el Instituto de Investigaciones Econ\u00f3micas de nuestra Facultad. [&hellip;]<\/p>\n","protected":false},"author":123457,"featured_media":14370,"comment_status":"open","ping_status":"open","sticky":false,"template":"","format":"standard","meta":{"_et_pb_use_builder":"","_et_pb_old_content":"","_et_gb_content_width":"","footnotes":""},"categories":[4],"tags":[],"_links":{"self":[{"href":"https:\/\/face.unt.edu.ar\/web\/wp-json\/wp\/v2\/posts\/14368"}],"collection":[{"href":"https:\/\/face.unt.edu.ar\/web\/wp-json\/wp\/v2\/posts"}],"about":[{"href":"https:\/\/face.unt.edu.ar\/web\/wp-json\/wp\/v2\/types\/post"}],"author":[{"embeddable":true,"href":"https:\/\/face.unt.edu.ar\/web\/wp-json\/wp\/v2\/users\/123457"}],"replies":[{"embeddable":true,"href":"https:\/\/face.unt.edu.ar\/web\/wp-json\/wp\/v2\/comments?post=14368"}],"version-history":[{"count":4,"href":"https:\/\/face.unt.edu.ar\/web\/wp-json\/wp\/v2\/posts\/14368\/revisions"}],"predecessor-version":[{"id":14435,"href":"https:\/\/face.unt.edu.ar\/web\/wp-json\/wp\/v2\/posts\/14368\/revisions\/14435"}],"wp:featuredmedia":[{"embeddable":true,"href":"https:\/\/face.unt.edu.ar\/web\/wp-json\/wp\/v2\/media\/14370"}],"wp:attachment":[{"href":"https:\/\/face.unt.edu.ar\/web\/wp-json\/wp\/v2\/media?parent=14368"}],"wp:term":[{"taxonomy":"category","embeddable":true,"href":"https:\/\/face.unt.edu.ar\/web\/wp-json\/wp\/v2\/categories?post=14368"},{"taxonomy":"post_tag","embeddable":true,"href":"https:\/\/face.unt.edu.ar\/web\/wp-json\/wp\/v2\/tags?post=14368"}],"curies":[{"name":"wp","href":"https:\/\/api.w.org\/{rel}","templated":true}]}}