{"id":14392,"date":"2022-08-11T23:01:18","date_gmt":"2022-08-11T23:01:18","guid":{"rendered":"https:\/\/face.unt.edu.ar\/web\/?p=14392"},"modified":"2022-08-11T23:01:18","modified_gmt":"2022-08-11T23:01:18","slug":"trabajo-conjunto-para-potenciar-politicas-educativas","status":"publish","type":"post","link":"https:\/\/face.unt.edu.ar\/web\/blog\/trabajo-conjunto-para-potenciar-politicas-educativas\/","title":{"rendered":"Trabajo conjunto para potenciar pol\u00edticas educativas"},"content":{"rendered":"<p>El decano de nuestra Facultad, <strong>Mg. Jorge Rospide<\/strong>, y el secretario de Extensi\u00f3n y Desarrollo Institucional, <strong>Cr. Ariel Apichela<\/strong>, participaron de una reuni\u00f3n de trabajo convocada por el ministro de Educaci\u00f3n de la Provincia, <strong>Dr. Juan Pablo Lichtmajer<\/strong>. Tambi\u00e9n asistieron al encuentro, los decanos de otras facultades de la Universidad Nacional de Tucum\u00e1n junto a sus colaboradores: la <strong>Dra. Cristina Grunauer<\/strong> (Facultad de Derecho y Ciencias Sociales); el <strong>Dr. Mateo Mart\u00ednez<\/strong> (Facultad de Medicina); y el <strong>Prof. Ra\u00fal Lichinsky<\/strong> (Facultad de Educaci\u00f3n F\u00edsica). Por el Ministerio de Educaci\u00f3n estuvieron presentes, la secretaria de Educaci\u00f3n, <strong>Isabel Amate P\u00e9rez<\/strong>; el secretario de Bienestar Educativo, <strong>Marcelo Romero<\/strong>; y el subsecretario de Asistencia Legal y T\u00e9cnica,<strong> Franco Venditti.<\/strong><\/p>\n<p>La reuni\u00f3n se realiz\u00f3 con el objetivo de <strong>coordinar equipos para el trabajo conjunto y colaborativo<\/strong> <strong>para la formaci\u00f3n docente, y para acompa\u00f1ar a estudiantes<\/strong> con orientaci\u00f3n vocacional, Becas Progresar, cuestiones medioambientales y de vida saludable, nuevas tecnolog\u00edas y econom\u00eda del conocimiento.<\/p>\n<p>Al referirse al encuentro, el ministro Lichtmajer destac\u00f3 la importancia de que \u201cla educaci\u00f3n obligatoria articule con la universidad, dedicamos muchos esfuerzos a los niveles inicial, primaria y secundaria, y en todo ese trabajo, no podemos perder de vista los estudios superiores y a las tem\u00e1ticas que nos demanda la agenda actual. Por eso, junto a los decanos universitarios profundizamos los lazos de cooperaci\u00f3n y avanzamos en este compromiso de trabajar conjuntamente\u201d.<\/p>\n<p>Por su parte, el Mg. Rospide coment\u00f3: \u201cCon estas acciones buscamos dinamizar la educaci\u00f3n. Tenemos la firme convicci\u00f3n de consolidar equipos de trabajo multidisciplinarios y m\u00e1s integrados, porque comprendemos que \u00e9sta es la \u00fanica forma de avanzar hacia una sociedad con m\u00e1s igualdad para todos. En equipo vamos a potenciar cada uno de los proyectos y agendas de trabajo que nos propone el ministro\u201d.<\/p>\n<p><img decoding=\"async\" loading=\"lazy\" class=\"size-medium wp-image-14394 alignleft\" src=\"https:\/\/face.unt.edu.ar\/web\/wp-content\/uploads\/2022\/08\/WhatsApp-Image-2022-08-11-at-6.18.51-PM-1-300x200.jpeg\" alt=\"\" width=\"300\" height=\"200\" srcset=\"https:\/\/face.unt.edu.ar\/web\/wp-content\/uploads\/2022\/08\/WhatsApp-Image-2022-08-11-at-6.18.51-PM-1-300x200.jpeg 300w, https:\/\/face.unt.edu.ar\/web\/wp-content\/uploads\/2022\/08\/WhatsApp-Image-2022-08-11-at-6.18.51-PM-1-1024x682.jpeg 1024w, https:\/\/face.unt.edu.ar\/web\/wp-content\/uploads\/2022\/08\/WhatsApp-Image-2022-08-11-at-6.18.51-PM-1-768x512.jpeg 768w, https:\/\/face.unt.edu.ar\/web\/wp-content\/uploads\/2022\/08\/WhatsApp-Image-2022-08-11-at-6.18.51-PM-1-696x464.jpeg 696w, https:\/\/face.unt.edu.ar\/web\/wp-content\/uploads\/2022\/08\/WhatsApp-Image-2022-08-11-at-6.18.51-PM-1-1068x712.jpeg 1068w, https:\/\/face.unt.edu.ar\/web\/wp-content\/uploads\/2022\/08\/WhatsApp-Image-2022-08-11-at-6.18.51-PM-1-630x420.jpeg 630w, https:\/\/face.unt.edu.ar\/web\/wp-content\/uploads\/2022\/08\/WhatsApp-Image-2022-08-11-at-6.18.51-PM-1-1260x840.jpeg 1260w, https:\/\/face.unt.edu.ar\/web\/wp-content\/uploads\/2022\/08\/WhatsApp-Image-2022-08-11-at-6.18.51-PM-1.jpeg 1280w\" sizes=\"(max-width: 300px) 100vw, 300px\" \/> <img decoding=\"async\" loading=\"lazy\" class=\"size-medium wp-image-14395 alignleft\" src=\"https:\/\/face.unt.edu.ar\/web\/wp-content\/uploads\/2022\/08\/WhatsApp-Image-2022-08-11-at-6.18.51-PM-300x200.jpeg\" alt=\"\" width=\"300\" height=\"200\" srcset=\"https:\/\/face.unt.edu.ar\/web\/wp-content\/uploads\/2022\/08\/WhatsApp-Image-2022-08-11-at-6.18.51-PM-300x200.jpeg 300w, https:\/\/face.unt.edu.ar\/web\/wp-content\/uploads\/2022\/08\/WhatsApp-Image-2022-08-11-at-6.18.51-PM-1024x682.jpeg 1024w, https:\/\/face.unt.edu.ar\/web\/wp-content\/uploads\/2022\/08\/WhatsApp-Image-2022-08-11-at-6.18.51-PM-768x512.jpeg 768w, https:\/\/face.unt.edu.ar\/web\/wp-content\/uploads\/2022\/08\/WhatsApp-Image-2022-08-11-at-6.18.51-PM-696x464.jpeg 696w, https:\/\/face.unt.edu.ar\/web\/wp-content\/uploads\/2022\/08\/WhatsApp-Image-2022-08-11-at-6.18.51-PM-1068x712.jpeg 1068w, https:\/\/face.unt.edu.ar\/web\/wp-content\/uploads\/2022\/08\/WhatsApp-Image-2022-08-11-at-6.18.51-PM-630x420.jpeg 630w, https:\/\/face.unt.edu.ar\/web\/wp-content\/uploads\/2022\/08\/WhatsApp-Image-2022-08-11-at-6.18.51-PM-1260x840.jpeg 1260w, https:\/\/face.unt.edu.ar\/web\/wp-content\/uploads\/2022\/08\/WhatsApp-Image-2022-08-11-at-6.18.51-PM.jpeg 1280w\" sizes=\"(max-width: 300px) 100vw, 300px\" \/> <img decoding=\"async\" loading=\"lazy\" class=\"size-medium wp-image-14396 alignleft\" src=\"https:\/\/face.unt.edu.ar\/web\/wp-content\/uploads\/2022\/08\/WhatsApp-Image-2022-08-11-at-6.18.52-PM-1-300x200.jpeg\" alt=\"\" width=\"300\" height=\"200\" srcset=\"https:\/\/face.unt.edu.ar\/web\/wp-content\/uploads\/2022\/08\/WhatsApp-Image-2022-08-11-at-6.18.52-PM-1-300x200.jpeg 300w, https:\/\/face.unt.edu.ar\/web\/wp-content\/uploads\/2022\/08\/WhatsApp-Image-2022-08-11-at-6.18.52-PM-1-1024x682.jpeg 1024w, https:\/\/face.unt.edu.ar\/web\/wp-content\/uploads\/2022\/08\/WhatsApp-Image-2022-08-11-at-6.18.52-PM-1-768x512.jpeg 768w, https:\/\/face.unt.edu.ar\/web\/wp-content\/uploads\/2022\/08\/WhatsApp-Image-2022-08-11-at-6.18.52-PM-1-696x464.jpeg 696w, https:\/\/face.unt.edu.ar\/web\/wp-content\/uploads\/2022\/08\/WhatsApp-Image-2022-08-11-at-6.18.52-PM-1-1068x712.jpeg 1068w, https:\/\/face.unt.edu.ar\/web\/wp-content\/uploads\/2022\/08\/WhatsApp-Image-2022-08-11-at-6.18.52-PM-1-630x420.jpeg 630w, https:\/\/face.unt.edu.ar\/web\/wp-content\/uploads\/2022\/08\/WhatsApp-Image-2022-08-11-at-6.18.52-PM-1-1260x840.jpeg 1260w, https:\/\/face.unt.edu.ar\/web\/wp-content\/uploads\/2022\/08\/WhatsApp-Image-2022-08-11-at-6.18.52-PM-1.jpeg 1280w\" sizes=\"(max-width: 300px) 100vw, 300px\" \/> <img decoding=\"async\" loading=\"lazy\" class=\"size-medium wp-image-14398 alignleft\" src=\"https:\/\/face.unt.edu.ar\/web\/wp-content\/uploads\/2022\/08\/WhatsApp-Image-2022-08-11-at-6.18.52-PM-300x200.jpeg\" alt=\"\" width=\"300\" height=\"200\" srcset=\"https:\/\/face.unt.edu.ar\/web\/wp-content\/uploads\/2022\/08\/WhatsApp-Image-2022-08-11-at-6.18.52-PM-300x200.jpeg 300w, https:\/\/face.unt.edu.ar\/web\/wp-content\/uploads\/2022\/08\/WhatsApp-Image-2022-08-11-at-6.18.52-PM-1024x682.jpeg 1024w, https:\/\/face.unt.edu.ar\/web\/wp-content\/uploads\/2022\/08\/WhatsApp-Image-2022-08-11-at-6.18.52-PM-768x512.jpeg 768w, https:\/\/face.unt.edu.ar\/web\/wp-content\/uploads\/2022\/08\/WhatsApp-Image-2022-08-11-at-6.18.52-PM-696x464.jpeg 696w, https:\/\/face.unt.edu.ar\/web\/wp-content\/uploads\/2022\/08\/WhatsApp-Image-2022-08-11-at-6.18.52-PM-1068x712.jpeg 1068w, https:\/\/face.unt.edu.ar\/web\/wp-content\/uploads\/2022\/08\/WhatsApp-Image-2022-08-11-at-6.18.52-PM-630x420.jpeg 630w, https:\/\/face.unt.edu.ar\/web\/wp-content\/uploads\/2022\/08\/WhatsApp-Image-2022-08-11-at-6.18.52-PM-1260x840.jpeg 1260w, https:\/\/face.unt.edu.ar\/web\/wp-content\/uploads\/2022\/08\/WhatsApp-Image-2022-08-11-at-6.18.52-PM.jpeg 1280w\" sizes=\"(max-width: 300px) 100vw, 300px\" \/> <img decoding=\"async\" loading=\"lazy\" class=\"size-medium wp-image-14399 aligncenter\" src=\"https:\/\/face.unt.edu.ar\/web\/wp-content\/uploads\/2022\/08\/WhatsApp-Image-2022-08-11-at-6.18.53-PM-1-300x200.jpeg\" alt=\"\" width=\"300\" height=\"200\" srcset=\"https:\/\/face.unt.edu.ar\/web\/wp-content\/uploads\/2022\/08\/WhatsApp-Image-2022-08-11-at-6.18.53-PM-1-300x200.jpeg 300w, https:\/\/face.unt.edu.ar\/web\/wp-content\/uploads\/2022\/08\/WhatsApp-Image-2022-08-11-at-6.18.53-PM-1-1024x682.jpeg 1024w, https:\/\/face.unt.edu.ar\/web\/wp-content\/uploads\/2022\/08\/WhatsApp-Image-2022-08-11-at-6.18.53-PM-1-768x512.jpeg 768w, https:\/\/face.unt.edu.ar\/web\/wp-content\/uploads\/2022\/08\/WhatsApp-Image-2022-08-11-at-6.18.53-PM-1-696x464.jpeg 696w, https:\/\/face.unt.edu.ar\/web\/wp-content\/uploads\/2022\/08\/WhatsApp-Image-2022-08-11-at-6.18.53-PM-1-1068x712.jpeg 1068w, https:\/\/face.unt.edu.ar\/web\/wp-content\/uploads\/2022\/08\/WhatsApp-Image-2022-08-11-at-6.18.53-PM-1-630x420.jpeg 630w, https:\/\/face.unt.edu.ar\/web\/wp-content\/uploads\/2022\/08\/WhatsApp-Image-2022-08-11-at-6.18.53-PM-1-1260x840.jpeg 1260w, https:\/\/face.unt.edu.ar\/web\/wp-content\/uploads\/2022\/08\/WhatsApp-Image-2022-08-11-at-6.18.53-PM-1.jpeg 1280w\" sizes=\"(max-width: 300px) 100vw, 300px\" \/><\/p>\n","protected":false},"excerpt":{"rendered":"<p>El decano de nuestra Facultad, Mg. Jorge Rospide, y el secretario de Extensi\u00f3n y Desarrollo Institucional, Cr. Ariel Apichela, participaron de una reuni\u00f3n de trabajo convocada por el ministro de Educaci\u00f3n de la Provincia, Dr. Juan Pablo Lichtmajer. Tambi\u00e9n asistieron al encuentro, los decanos de otras facultades de la Universidad Nacional de Tucum\u00e1n junto a [&hellip;]<\/p>\n","protected":false},"author":2,"featured_media":14393,"comment_status":"open","ping_status":"open","sticky":false,"template":"","format":"standard","meta":{"_et_pb_use_builder":"","_et_pb_old_content":"","_et_gb_content_width":"","footnotes":""},"categories":[4],"tags":[145,945,944,943],"_links":{"self":[{"href":"https:\/\/face.unt.edu.ar\/web\/wp-json\/wp\/v2\/posts\/14392"}],"collection":[{"href":"https:\/\/face.unt.edu.ar\/web\/wp-json\/wp\/v2\/posts"}],"about":[{"href":"https:\/\/face.unt.edu.ar\/web\/wp-json\/wp\/v2\/types\/post"}],"author":[{"embeddable":true,"href":"https:\/\/face.unt.edu.ar\/web\/wp-json\/wp\/v2\/users\/2"}],"replies":[{"embeddable":true,"href":"https:\/\/face.unt.edu.ar\/web\/wp-json\/wp\/v2\/comments?post=14392"}],"version-history":[{"count":1,"href":"https:\/\/face.unt.edu.ar\/web\/wp-json\/wp\/v2\/posts\/14392\/revisions"}],"predecessor-version":[{"id":14401,"href":"https:\/\/face.unt.edu.ar\/web\/wp-json\/wp\/v2\/posts\/14392\/revisions\/14401"}],"wp:featuredmedia":[{"embeddable":true,"href":"https:\/\/face.unt.edu.ar\/web\/wp-json\/wp\/v2\/media\/14393"}],"wp:attachment":[{"href":"https:\/\/face.unt.edu.ar\/web\/wp-json\/wp\/v2\/media?parent=14392"}],"wp:term":[{"taxonomy":"category","embeddable":true,"href":"https:\/\/face.unt.edu.ar\/web\/wp-json\/wp\/v2\/categories?post=14392"},{"taxonomy":"post_tag","embeddable":true,"href":"https:\/\/face.unt.edu.ar\/web\/wp-json\/wp\/v2\/tags?post=14392"}],"curies":[{"name":"wp","href":"https:\/\/api.w.org\/{rel}","templated":true}]}}