{"id":14436,"date":"2022-08-16T19:39:14","date_gmt":"2022-08-16T19:39:14","guid":{"rendered":"https:\/\/face.unt.edu.ar\/web\/?p=14436"},"modified":"2022-08-17T14:20:16","modified_gmt":"2022-08-17T14:20:16","slug":"aunando-esfuerzos-para-dinamizar-la-actividad-profesional-de-nuestros-graduados","status":"publish","type":"post","link":"https:\/\/face.unt.edu.ar\/web\/blog\/aunando-esfuerzos-para-dinamizar-la-actividad-profesional-de-nuestros-graduados\/","title":{"rendered":"Aunando esfuerzos para dinamizar la actividad profesional de nuestros graduados"},"content":{"rendered":"<p>El <strong>decano Mg. Jorge Rospide<\/strong>, y el <strong>vicedecano Esp. Gustavo Sota<\/strong>, de nuestra<strong> Facultad de Ciencias Econ\u00f3micas<\/strong>, participaron de la reuni\u00f3n en la que se llev\u00f3 a cabo la firma de Convenio entre la <strong>Universidad Nacional de Tucum\u00e1n<\/strong> <strong>(UNT)<\/strong>, el <strong>Colegio de Graduados en Ciencias Econ\u00f3micas de Tucum\u00e1n<\/strong> <strong>(CGCET)<\/strong> y la <strong>Federaci\u00f3n Argentina de Consejos Profesionales de Ciencias Econ\u00f3micas (FACPCE)<\/strong>.<\/p>\n<p>De la r\u00fabrica participaron el Ing. Sergio Pagani, rector de la UNT; el CPN Jos\u00e9 Luis Romero, presidente del CGCET; y el Dr. Silvio Marcelo Rizza, presidente de la FACPCE.<\/p>\n<p><a href=\"https:\/\/face.unt.edu.ar\/web\/wp-content\/uploads\/2022\/08\/11-1-scaled.jpg\"><img decoding=\"async\" loading=\"lazy\" class=\"wp-image-14439 aligncenter\" src=\"https:\/\/face.unt.edu.ar\/web\/wp-content\/uploads\/2022\/08\/11-1-300x148.jpg\" alt=\"\" width=\"545\" height=\"269\" srcset=\"https:\/\/face.unt.edu.ar\/web\/wp-content\/uploads\/2022\/08\/11-1-300x148.jpg 300w, https:\/\/face.unt.edu.ar\/web\/wp-content\/uploads\/2022\/08\/11-1-1024x505.jpg 1024w, https:\/\/face.unt.edu.ar\/web\/wp-content\/uploads\/2022\/08\/11-1-768x379.jpg 768w, https:\/\/face.unt.edu.ar\/web\/wp-content\/uploads\/2022\/08\/11-1-1536x758.jpg 1536w, https:\/\/face.unt.edu.ar\/web\/wp-content\/uploads\/2022\/08\/11-1-2048x1011.jpg 2048w, https:\/\/face.unt.edu.ar\/web\/wp-content\/uploads\/2022\/08\/11-1-324x160.jpg 324w, https:\/\/face.unt.edu.ar\/web\/wp-content\/uploads\/2022\/08\/11-1-648x320.jpg 648w, https:\/\/face.unt.edu.ar\/web\/wp-content\/uploads\/2022\/08\/11-1-696x343.jpg 696w, https:\/\/face.unt.edu.ar\/web\/wp-content\/uploads\/2022\/08\/11-1-1392x687.jpg 1392w, https:\/\/face.unt.edu.ar\/web\/wp-content\/uploads\/2022\/08\/11-1-1068x527.jpg 1068w, https:\/\/face.unt.edu.ar\/web\/wp-content\/uploads\/2022\/08\/11-1-851x420.jpg 851w, https:\/\/face.unt.edu.ar\/web\/wp-content\/uploads\/2022\/08\/11-1-1702x840.jpg 1702w, https:\/\/face.unt.edu.ar\/web\/wp-content\/uploads\/2022\/08\/11-1-1920x947.jpg 1920w\" sizes=\"(max-width: 545px) 100vw, 545px\" \/><\/a><\/p>\n<p>Se trata de un <strong>Convenio Marco de colaboraci\u00f3n y cooperaci\u00f3n<\/strong> para la asistencia rec\u00edproca de car\u00e1cter acad\u00e9mico, cultural, tecnol\u00f3gico y de servicio, que sirven para el desarrollo institucional con el objetivo de brindar un mejor servicio a la comunidad.<\/p>\n<p>Cabe destacar que dentro de este acuerdo nuestra Facultad desempe\u00f1a un rol fundamental, considerando que somos quienes aportamos el capital humano y profesional para el desarrollo de las futuras acciones que se implementar\u00e1n.<\/p>\n<p>En este sentido, el Mg. Jorge Rospide expres\u00f3 que: \u201cLa universidad no termina su funci\u00f3n cuando el egresado obtiene su t\u00edtulo, muy por el contrario, sigue trabajando por el egresado, para su actividad profesional. La universidad y nuestra Facultad siguen mejorando sus contenidos, y le permite a los egresados seguir participando en diferentes actividades y colaborando con la sociedad que es lo m\u00e1s importante.\u201d A lo que agreg\u00f3: \u201cLa facultad de Ciencias Econ\u00f3micas tiene una trayectoria, una historia y una tradici\u00f3n muy importante, ha sido una de las Facultades pioneras. Adem\u00e1s, actualmente contamos con un gran liderazgo a nivel nacional, con nuestros docentes y graduados.\u201d<\/p>\n<p>Por su parte el vicedecano, Esp. Gustavo Sota se\u00f1al\u00f3: \u201cEstamos dispuestos a seguir trabajando en conjunto por el bien de nuestro profesionales, y en ese sentido, las puertas de nuestra Casa de Estudios est\u00e1n siempre abiertas\u201d<\/p>\n<p><a href=\"https:\/\/face.unt.edu.ar\/web\/wp-content\/uploads\/2022\/08\/14.jpg\"><img decoding=\"async\" loading=\"lazy\" class=\"alignnone wp-image-14442\" src=\"https:\/\/face.unt.edu.ar\/web\/wp-content\/uploads\/2022\/08\/14-300x169.jpg\" alt=\"\" width=\"329\" height=\"185\" srcset=\"https:\/\/face.unt.edu.ar\/web\/wp-content\/uploads\/2022\/08\/14-300x169.jpg 300w, https:\/\/face.unt.edu.ar\/web\/wp-content\/uploads\/2022\/08\/14-1024x577.jpg 1024w, https:\/\/face.unt.edu.ar\/web\/wp-content\/uploads\/2022\/08\/14-768x432.jpg 768w, https:\/\/face.unt.edu.ar\/web\/wp-content\/uploads\/2022\/08\/14-1536x865.jpg 1536w, https:\/\/face.unt.edu.ar\/web\/wp-content\/uploads\/2022\/08\/14-696x392.jpg 696w, https:\/\/face.unt.edu.ar\/web\/wp-content\/uploads\/2022\/08\/14-1392x784.jpg 1392w, https:\/\/face.unt.edu.ar\/web\/wp-content\/uploads\/2022\/08\/14-1068x601.jpg 1068w, https:\/\/face.unt.edu.ar\/web\/wp-content\/uploads\/2022\/08\/14-746x420.jpg 746w, https:\/\/face.unt.edu.ar\/web\/wp-content\/uploads\/2022\/08\/14-1492x840.jpg 1492w, https:\/\/face.unt.edu.ar\/web\/wp-content\/uploads\/2022\/08\/14-1920x1081.jpg 1920w, https:\/\/face.unt.edu.ar\/web\/wp-content\/uploads\/2022\/08\/14.jpg 2048w\" sizes=\"(max-width: 329px) 100vw, 329px\" \/><\/a><a href=\"https:\/\/face.unt.edu.ar\/web\/wp-content\/uploads\/2022\/08\/13.jpg\"><img decoding=\"async\" loading=\"lazy\" class=\"alignnone wp-image-14441\" src=\"https:\/\/face.unt.edu.ar\/web\/wp-content\/uploads\/2022\/08\/13-300x169.jpg\" alt=\"\" width=\"321\" height=\"181\" srcset=\"https:\/\/face.unt.edu.ar\/web\/wp-content\/uploads\/2022\/08\/13-300x169.jpg 300w, https:\/\/face.unt.edu.ar\/web\/wp-content\/uploads\/2022\/08\/13-1024x577.jpg 1024w, https:\/\/face.unt.edu.ar\/web\/wp-content\/uploads\/2022\/08\/13-768x432.jpg 768w, https:\/\/face.unt.edu.ar\/web\/wp-content\/uploads\/2022\/08\/13-1536x865.jpg 1536w, https:\/\/face.unt.edu.ar\/web\/wp-content\/uploads\/2022\/08\/13-696x392.jpg 696w, https:\/\/face.unt.edu.ar\/web\/wp-content\/uploads\/2022\/08\/13-1392x784.jpg 1392w, https:\/\/face.unt.edu.ar\/web\/wp-content\/uploads\/2022\/08\/13-1068x601.jpg 1068w, https:\/\/face.unt.edu.ar\/web\/wp-content\/uploads\/2022\/08\/13-746x420.jpg 746w, https:\/\/face.unt.edu.ar\/web\/wp-content\/uploads\/2022\/08\/13-1492x840.jpg 1492w, https:\/\/face.unt.edu.ar\/web\/wp-content\/uploads\/2022\/08\/13-1920x1081.jpg 1920w, https:\/\/face.unt.edu.ar\/web\/wp-content\/uploads\/2022\/08\/13.jpg 2048w\" sizes=\"(max-width: 321px) 100vw, 321px\" \/><\/a><\/p>\n<p><a href=\"https:\/\/face.unt.edu.ar\/web\/wp-content\/uploads\/2022\/08\/12.jpg\"><img decoding=\"async\" loading=\"lazy\" class=\"wp-image-14440 aligncenter\" src=\"https:\/\/face.unt.edu.ar\/web\/wp-content\/uploads\/2022\/08\/12-300x225.jpg\" alt=\"\" width=\"443\" height=\"332\" srcset=\"https:\/\/face.unt.edu.ar\/web\/wp-content\/uploads\/2022\/08\/12-300x225.jpg 300w, https:\/\/face.unt.edu.ar\/web\/wp-content\/uploads\/2022\/08\/12-1024x768.jpg 1024w, https:\/\/face.unt.edu.ar\/web\/wp-content\/uploads\/2022\/08\/12-768x576.jpg 768w, https:\/\/face.unt.edu.ar\/web\/wp-content\/uploads\/2022\/08\/12-1536x1152.jpg 1536w, https:\/\/face.unt.edu.ar\/web\/wp-content\/uploads\/2022\/08\/12-80x60.jpg 80w, https:\/\/face.unt.edu.ar\/web\/wp-content\/uploads\/2022\/08\/12-160x120.jpg 160w, https:\/\/face.unt.edu.ar\/web\/wp-content\/uploads\/2022\/08\/12-265x198.jpg 265w, https:\/\/face.unt.edu.ar\/web\/wp-content\/uploads\/2022\/08\/12-530x396.jpg 530w, https:\/\/face.unt.edu.ar\/web\/wp-content\/uploads\/2022\/08\/12-696x522.jpg 696w, https:\/\/face.unt.edu.ar\/web\/wp-content\/uploads\/2022\/08\/12-1392x1044.jpg 1392w, https:\/\/face.unt.edu.ar\/web\/wp-content\/uploads\/2022\/08\/12-1068x801.jpg 1068w, https:\/\/face.unt.edu.ar\/web\/wp-content\/uploads\/2022\/08\/12-560x420.jpg 560w, https:\/\/face.unt.edu.ar\/web\/wp-content\/uploads\/2022\/08\/12-1120x840.jpg 1120w, https:\/\/face.unt.edu.ar\/web\/wp-content\/uploads\/2022\/08\/12-1920x1440.jpg 1920w, https:\/\/face.unt.edu.ar\/web\/wp-content\/uploads\/2022\/08\/12.jpg 2048w\" sizes=\"(max-width: 443px) 100vw, 443px\" \/><\/a><\/p>\n","protected":false},"excerpt":{"rendered":"<p>El decano Mg. Jorge Rospide, y el vicedecano Esp. Gustavo Sota, de nuestra Facultad de Ciencias Econ\u00f3micas, participaron de la reuni\u00f3n en la que se llev\u00f3 a cabo la firma de Convenio entre la Universidad Nacional de Tucum\u00e1n (UNT), el Colegio de Graduados en Ciencias Econ\u00f3micas de Tucum\u00e1n (CGCET) y la Federaci\u00f3n Argentina de Consejos [&hellip;]<\/p>\n","protected":false},"author":123457,"featured_media":14437,"comment_status":"open","ping_status":"open","sticky":false,"template":"","format":"standard","meta":{"_et_pb_use_builder":"","_et_pb_old_content":"","_et_gb_content_width":"","footnotes":""},"categories":[4],"tags":[947,861,856,36,24],"_links":{"self":[{"href":"https:\/\/face.unt.edu.ar\/web\/wp-json\/wp\/v2\/posts\/14436"}],"collection":[{"href":"https:\/\/face.unt.edu.ar\/web\/wp-json\/wp\/v2\/posts"}],"about":[{"href":"https:\/\/face.unt.edu.ar\/web\/wp-json\/wp\/v2\/types\/post"}],"author":[{"embeddable":true,"href":"https:\/\/face.unt.edu.ar\/web\/wp-json\/wp\/v2\/users\/123457"}],"replies":[{"embeddable":true,"href":"https:\/\/face.unt.edu.ar\/web\/wp-json\/wp\/v2\/comments?post=14436"}],"version-history":[{"count":5,"href":"https:\/\/face.unt.edu.ar\/web\/wp-json\/wp\/v2\/posts\/14436\/revisions"}],"predecessor-version":[{"id":14455,"href":"https:\/\/face.unt.edu.ar\/web\/wp-json\/wp\/v2\/posts\/14436\/revisions\/14455"}],"wp:featuredmedia":[{"embeddable":true,"href":"https:\/\/face.unt.edu.ar\/web\/wp-json\/wp\/v2\/media\/14437"}],"wp:attachment":[{"href":"https:\/\/face.unt.edu.ar\/web\/wp-json\/wp\/v2\/media?parent=14436"}],"wp:term":[{"taxonomy":"category","embeddable":true,"href":"https:\/\/face.unt.edu.ar\/web\/wp-json\/wp\/v2\/categories?post=14436"},{"taxonomy":"post_tag","embeddable":true,"href":"https:\/\/face.unt.edu.ar\/web\/wp-json\/wp\/v2\/tags?post=14436"}],"curies":[{"name":"wp","href":"https:\/\/api.w.org\/{rel}","templated":true}]}}