{"id":14513,"date":"2022-08-22T12:07:01","date_gmt":"2022-08-22T12:07:01","guid":{"rendered":"https:\/\/face.unt.edu.ar\/web\/?p=14513"},"modified":"2022-08-22T12:07:01","modified_gmt":"2022-08-22T12:07:01","slug":"curso-de-extension-aspectos-contables-y-tributarios-para-emprendedores-2","status":"publish","type":"post","link":"https:\/\/face.unt.edu.ar\/web\/blog\/curso-de-extension-aspectos-contables-y-tributarios-para-emprendedores-2\/","title":{"rendered":"Curso de Extensi\u00f3n \u201cAspectos contables y tributarios para emprendedores\u201d"},"content":{"rendered":"<p>Se dictar\u00e1 en nuestra Facultad, el Curso de Extensi\u00f3n <strong>\u201cAspectos contables y tributarios para emprendedores\u201d<\/strong>. Estar\u00e1 a cargo de los docentes, <strong>Esp. Gabriela S\u00e1nchez<\/strong> y <strong>Esp. Juan Pablo Abdelnur<\/strong>.<\/p>\n<p>Se realizar\u00e1 el <strong>jueves 25 de agosto<\/strong>, de 16 a 19:30 horas.<\/p>\n<p>El curso se dictar\u00e1 con modalidad <strong>presencial<\/strong>.<\/p>\n<p><strong>Link de inscripci\u00f3n:\u00a0<a href=\"https:\/\/forms.gle\/GByY4ebjE9AzQSiG9\" target=\"_blank\" rel=\"noopener\" data-saferedirecturl=\"https:\/\/www.google.com\/url?q=https:\/\/forms.gle\/GByY4ebjE9AzQSiG9&amp;source=gmail&amp;ust=1661256247068000&amp;usg=AOvVaw2vZV1mII728XJBKHzLeTJS\">https:\/\/forms.gle\/GByY4ebjE9AzQSiG9<\/a><\/strong><\/p>\n<p><img decoding=\"async\" loading=\"lazy\" class=\"aligncenter  wp-image-14514\" src=\"https:\/\/face.unt.edu.ar\/web\/wp-content\/uploads\/2022\/08\/curso-face-unt-213x300.jpg\" alt=\"\" width=\"467\" height=\"658\" srcset=\"https:\/\/face.unt.edu.ar\/web\/wp-content\/uploads\/2022\/08\/curso-face-unt-213x300.jpg 213w, https:\/\/face.unt.edu.ar\/web\/wp-content\/uploads\/2022\/08\/curso-face-unt-727x1024.jpg 727w, https:\/\/face.unt.edu.ar\/web\/wp-content\/uploads\/2022\/08\/curso-face-unt-696x980.jpg 696w, https:\/\/face.unt.edu.ar\/web\/wp-content\/uploads\/2022\/08\/curso-face-unt-298x420.jpg 298w, https:\/\/face.unt.edu.ar\/web\/wp-content\/uploads\/2022\/08\/curso-face-unt-597x840.jpg 597w, https:\/\/face.unt.edu.ar\/web\/wp-content\/uploads\/2022\/08\/curso-face-unt.jpg 735w\" sizes=\"(max-width: 467px) 100vw, 467px\" \/><\/p>\n","protected":false},"excerpt":{"rendered":"<p>Se dictar\u00e1 en nuestra Facultad, el Curso de Extensi\u00f3n \u201cAspectos contables y tributarios para emprendedores\u201d. Estar\u00e1 a cargo de los docentes, Esp. Gabriela S\u00e1nchez y Esp. Juan Pablo Abdelnur. Se realizar\u00e1 el jueves 25 de agosto, de 16 a 19:30 horas. El curso se dictar\u00e1 con modalidad presencial. Link de inscripci\u00f3n:\u00a0https:\/\/forms.gle\/GByY4ebjE9AzQSiG9<\/p>\n","protected":false},"author":2,"featured_media":14515,"comment_status":"open","ping_status":"open","sticky":false,"template":"","format":"standard","meta":{"_et_pb_use_builder":"","_et_pb_old_content":"","_et_gb_content_width":"","footnotes":""},"categories":[4],"tags":[435,608],"_links":{"self":[{"href":"https:\/\/face.unt.edu.ar\/web\/wp-json\/wp\/v2\/posts\/14513"}],"collection":[{"href":"https:\/\/face.unt.edu.ar\/web\/wp-json\/wp\/v2\/posts"}],"about":[{"href":"https:\/\/face.unt.edu.ar\/web\/wp-json\/wp\/v2\/types\/post"}],"author":[{"embeddable":true,"href":"https:\/\/face.unt.edu.ar\/web\/wp-json\/wp\/v2\/users\/2"}],"replies":[{"embeddable":true,"href":"https:\/\/face.unt.edu.ar\/web\/wp-json\/wp\/v2\/comments?post=14513"}],"version-history":[{"count":1,"href":"https:\/\/face.unt.edu.ar\/web\/wp-json\/wp\/v2\/posts\/14513\/revisions"}],"predecessor-version":[{"id":14516,"href":"https:\/\/face.unt.edu.ar\/web\/wp-json\/wp\/v2\/posts\/14513\/revisions\/14516"}],"wp:featuredmedia":[{"embeddable":true,"href":"https:\/\/face.unt.edu.ar\/web\/wp-json\/wp\/v2\/media\/14515"}],"wp:attachment":[{"href":"https:\/\/face.unt.edu.ar\/web\/wp-json\/wp\/v2\/media?parent=14513"}],"wp:term":[{"taxonomy":"category","embeddable":true,"href":"https:\/\/face.unt.edu.ar\/web\/wp-json\/wp\/v2\/categories?post=14513"},{"taxonomy":"post_tag","embeddable":true,"href":"https:\/\/face.unt.edu.ar\/web\/wp-json\/wp\/v2\/tags?post=14513"}],"curies":[{"name":"wp","href":"https:\/\/api.w.org\/{rel}","templated":true}]}}