{"id":14532,"date":"2022-08-24T16:46:18","date_gmt":"2022-08-24T16:46:18","guid":{"rendered":"https:\/\/face.unt.edu.ar\/web\/?p=14532"},"modified":"2022-08-24T16:46:18","modified_gmt":"2022-08-24T16:46:18","slug":"taller-gratuito-emprendimiento-en-una-leccion","status":"publish","type":"post","link":"https:\/\/face.unt.edu.ar\/web\/blog\/taller-gratuito-emprendimiento-en-una-leccion\/","title":{"rendered":"Taller gratuito \u00abEmprendimiento en una lecci\u00f3n\u00bb"},"content":{"rendered":"<p>El <strong>martes 30 de agosto<\/strong> se dictar\u00e1\u00a0 en nuestra Facultad, el <strong>taller gratuito<\/strong> <strong>\u201cEmprendimiento en una lecci\u00f3n\u201d<\/strong>. Estar\u00e1 a cargo de la <strong>Mg. Mar\u00eda Jos\u00e9 Romano Boscarino.<\/strong><\/p>\n<p>Est\u00e1 destinado a <strong>j\u00f3venes entre 14 y 20 a\u00f1os<\/strong>, con cupo limitado.<\/p>\n<p>Contenido:<\/p>\n<p>&#8211; Creaci\u00f3n de Empleo<br \/>\n&#8211; Cr\u00e9dito P\u00fablico y Privado<br \/>\n&#8211; Formaci\u00f3n de precios<br \/>\n&#8211; Regulaciones<br \/>\n&#8211; Proceso de innovaci\u00f3n empresarial<\/p>\n<p>&nbsp;<\/p>\n<p>Los interesados pueden inscribirse en el siguiente link<br \/>\n<a href=\"https:\/\/bit.ly\/TallerEmprendimientoSEDI\">https:\/\/bit.ly\/TallerEmprendimientoSEDI<\/a><\/p>\n<p>&nbsp;<\/p>\n<p>El taller est\u00e1 organizado por nuestra\u00a0 Facultad de Ciencias Econ\u00f3micas a trav\u00e9s de la Secretar\u00eda de Extensi\u00f3n y Desarrollo Institucional en coordinaci\u00f3n con la\u00a0 Fundaci\u00f3n Federalismo y Libertad.<\/p>\n<p>Sobre la disertante:<\/p>\n<p>Mar\u00eda Jos\u00e9 Romano Boscarino es Licenciada en Econom\u00eda (Universidad Nacional de Tucum\u00e1n), Mag\u00edster en Pol\u00edticas P\u00fablicas (Universidad Torcuato Di Tella), Docente de Pol\u00edticas P\u00fablicas (Instituto Universitario ESEADE) y Coordinadora del \u00e1rea de Pol\u00edtica y Gesti\u00f3n P\u00fablica (Fundaci\u00f3n Federalismo y Libertad)<\/p>\n","protected":false},"excerpt":{"rendered":"<p>El martes 30 de agosto se dictar\u00e1\u00a0 en nuestra Facultad, el taller gratuito \u201cEmprendimiento en una lecci\u00f3n\u201d. Estar\u00e1 a cargo de la Mg. Mar\u00eda Jos\u00e9 Romano Boscarino. Est\u00e1 destinado a j\u00f3venes entre 14 y 20 a\u00f1os, con cupo limitado. Contenido: &#8211; Creaci\u00f3n de Empleo &#8211; Cr\u00e9dito P\u00fablico y Privado &#8211; Formaci\u00f3n de precios &#8211; Regulaciones [&hellip;]<\/p>\n","protected":false},"author":123457,"featured_media":14533,"comment_status":"open","ping_status":"open","sticky":false,"template":"","format":"standard","meta":{"_et_pb_use_builder":"","_et_pb_old_content":"","_et_gb_content_width":"","footnotes":""},"categories":[4],"tags":[435,954,36,953],"_links":{"self":[{"href":"https:\/\/face.unt.edu.ar\/web\/wp-json\/wp\/v2\/posts\/14532"}],"collection":[{"href":"https:\/\/face.unt.edu.ar\/web\/wp-json\/wp\/v2\/posts"}],"about":[{"href":"https:\/\/face.unt.edu.ar\/web\/wp-json\/wp\/v2\/types\/post"}],"author":[{"embeddable":true,"href":"https:\/\/face.unt.edu.ar\/web\/wp-json\/wp\/v2\/users\/123457"}],"replies":[{"embeddable":true,"href":"https:\/\/face.unt.edu.ar\/web\/wp-json\/wp\/v2\/comments?post=14532"}],"version-history":[{"count":1,"href":"https:\/\/face.unt.edu.ar\/web\/wp-json\/wp\/v2\/posts\/14532\/revisions"}],"predecessor-version":[{"id":14534,"href":"https:\/\/face.unt.edu.ar\/web\/wp-json\/wp\/v2\/posts\/14532\/revisions\/14534"}],"wp:featuredmedia":[{"embeddable":true,"href":"https:\/\/face.unt.edu.ar\/web\/wp-json\/wp\/v2\/media\/14533"}],"wp:attachment":[{"href":"https:\/\/face.unt.edu.ar\/web\/wp-json\/wp\/v2\/media?parent=14532"}],"wp:term":[{"taxonomy":"category","embeddable":true,"href":"https:\/\/face.unt.edu.ar\/web\/wp-json\/wp\/v2\/categories?post=14532"},{"taxonomy":"post_tag","embeddable":true,"href":"https:\/\/face.unt.edu.ar\/web\/wp-json\/wp\/v2\/tags?post=14532"}],"curies":[{"name":"wp","href":"https:\/\/api.w.org\/{rel}","templated":true}]}}